{"id":16117,"date":"2021-12-07T15:08:09","date_gmt":"2021-12-07T14:08:09","guid":{"rendered":"https:\/\/www.ebg.de\/?p=16117"},"modified":"2021-12-09T08:48:25","modified_gmt":"2021-12-09T07:48:25","slug":"tag-der-offenen-tuer-6","status":"publish","type":"post","link":"https:\/\/www.ebg.de\/en\/tag-der-offenen-tuer-6\/","title":{"rendered":"Tag der offenen T\u00fcr"},"content":{"rendered":"\n<p>Am 20.11. \u00f6ffnete das EBG Leipzig seine Pforten zum Tag der offenen T\u00fcr. Sch\u00fcler\/innen und Lehrer\/innen boten ein buntes Programm, welches zum Mitmachen animierte.<\/p>\n\n\n\n<p>So konnte ein Zirkusparcours ausprobiert werden und die hohe Kunst des Einradfahrens bewundert werden. Auch k\u00fcnstlerisch konnten sich die interessierten Besucher\/innen austoben \u2013 ein riesiges gemeinsames Bild wurde kreiert. Die musikalische Untermalung durfte nicht fehlen. Unser Musiklehrer Herr Kleinschmidt musizierte zusammen mit einigen Sch\u00fcler\/innen und sorgte so f\u00fcr Stimmung. Die Besucher\/innen konnten an diesem Tag in alle R\u00e4ume, wie auch unser neues Pflegekabinett, reinschnuppern, und nat\u00fcrlich wurden zahlreiche Fragen zu den einzelnen Ausbildungsg\u00e4ngen beantwortet.<\/p>\n\n\n\n<p>Danke an alle Besucher\/innen sowie Sch\u00fcler\/innen und Mitarbeiter\/innen des EBG f\u00fcr diesen gelungen Tag.<\/p>\n\n\n\n<figure class=\"wp-block-image size-large is-style-default\"><img loading=\"lazy\" decoding=\"async\" width=\"1000\" height=\"563\" src=\"https:\/\/www.ebg.de\/wp-content\/uploads\/2021\/12\/20211120_104503.jpg\" alt=\"\" class=\"wp-image-16124\" srcset=\"https:\/\/www.ebg.de\/wp-content\/uploads\/2021\/12\/20211120_104503.jpg 1000w, https:\/\/www.ebg.de\/wp-content\/uploads\/2021\/12\/20211120_104503-300x169.jpg 300w, https:\/\/www.ebg.de\/wp-content\/uploads\/2021\/12\/20211120_104503-768x432.jpg 768w, https:\/\/www.ebg.de\/wp-content\/uploads\/2021\/12\/20211120_104503-900x507.jpg 900w\" sizes=\"auto, (max-width: 1000px) 100vw, 1000px\" \/><\/figure>\n\n\n\n<div class=\"wp-block-image is-style-default\"><figure class=\"alignleft size-large is-resized\"><img loading=\"lazy\" decoding=\"async\" src=\"https:\/\/www.ebg.de\/wp-content\/uploads\/2021\/12\/20211120_104534.jpg\" alt=\"\" class=\"wp-image-16126\" width=\"392\" height=\"220\" srcset=\"https:\/\/www.ebg.de\/wp-content\/uploads\/2021\/12\/20211120_104534.jpg 1000w, https:\/\/www.ebg.de\/wp-content\/uploads\/2021\/12\/20211120_104534-300x169.jpg 300w, https:\/\/www.ebg.de\/wp-content\/uploads\/2021\/12\/20211120_104534-768x432.jpg 768w, https:\/\/www.ebg.de\/wp-content\/uploads\/2021\/12\/20211120_104534-900x507.jpg 900w\" sizes=\"auto, (max-width: 392px) 100vw, 392px\" \/><\/figure><\/div>\n\n\n\n<figure class=\"wp-block-image size-large is-resized is-style-default\"><img loading=\"lazy\" decoding=\"async\" src=\"https:\/\/www.ebg.de\/wp-content\/uploads\/2021\/12\/IMG_1106.jpg\" alt=\"\" class=\"wp-image-16128\" width=\"343\" height=\"229\" srcset=\"https:\/\/www.ebg.de\/wp-content\/uploads\/2021\/12\/IMG_1106.jpg 939w, https:\/\/www.ebg.de\/wp-content\/uploads\/2021\/12\/IMG_1106-300x200.jpg 300w, https:\/\/www.ebg.de\/wp-content\/uploads\/2021\/12\/IMG_1106-768x512.jpg 768w, https:\/\/www.ebg.de\/wp-content\/uploads\/2021\/12\/IMG_1106-900x600.jpg 900w\" sizes=\"auto, (max-width: 343px) 100vw, 343px\" \/><\/figure>\n\n\n\n<p><\/p>\n","protected":false},"excerpt":{"rendered":"<p>Er\u00f6ffnung unseres neuen Pflegekabinetts zum Tag der offenen T\u00fcr<\/p>\n","protected":false},"author":2,"featured_media":16122,"comment_status":"closed","ping_status":"closed","sticky":false,"template":"","format":"standard","meta":{"_acf_changed":false,"footnotes":""},"categories":[27],"tags":[95,162,79,163],"class_list":["post-16117","post","type-post","status-publish","format-standard","has-post-thumbnail","hentry","category-news-leipzig-schulen","tag-ausbildung","tag-fachschule","tag-leipzig","tag-pflegeberufe"],"acf":[],"yoast_head":"<!-- This site is optimized with the Yoast SEO plugin v26.9 - https:\/\/yoast.com\/product\/yoast-seo-wordpress\/ -->\n<title>Tag der offenen T\u00fcr - Europ\u00e4isches Bildungswerk f\u00fcr Beruf und Gesellschaft<\/title>\n<meta name=\"robots\" content=\"index, follow, max-snippet:-1, max-image-preview:large, max-video-preview:-1\" \/>\n<link rel=\"canonical\" href=\"https:\/\/www.ebg.de\/tag-der-offenen-tuer-6\/\" \/>\n<meta property=\"og:locale\" content=\"en_US\" \/>\n<meta property=\"og:type\" content=\"article\" \/>\n<meta property=\"og:title\" content=\"Tag der offenen T\u00fcr - Europ\u00e4isches Bildungswerk f\u00fcr Beruf und Gesellschaft\" \/>\n<meta property=\"og:description\" content=\"Er\u00f6ffnung unseres neuen Pflegekabinetts zum Tag der offenen T\u00fcr\" \/>\n<meta property=\"og:url\" content=\"https:\/\/www.ebg.de\/tag-der-offenen-tuer-6\/\" \/>\n<meta property=\"og:site_name\" content=\"Europ\u00e4isches Bildungswerk f\u00fcr Beruf und Gesellschaft\" \/>\n<meta property=\"article:published_time\" content=\"2021-12-07T14:08:09+00:00\" \/>\n<meta property=\"article:modified_time\" content=\"2021-12-09T07:48:25+00:00\" \/>\n<meta property=\"og:image\" content=\"https:\/\/www.ebg.de\/wp-content\/uploads\/2021\/12\/20211119_155928.jpg\" \/>\n\t<meta property=\"og:image:width\" content=\"900\" \/>\n\t<meta property=\"og:image:height\" content=\"453\" \/>\n\t<meta property=\"og:image:type\" content=\"image\/jpeg\" \/>\n<meta name=\"author\" content=\"Carla R\u00f6blitz\" \/>\n<meta name=\"twitter:card\" content=\"summary_large_image\" \/>\n<meta name=\"twitter:label1\" content=\"Written by\" \/>\n\t<meta name=\"twitter:data1\" content=\"Carla R\u00f6blitz\" \/>\n\t<meta name=\"twitter:label2\" content=\"Est. reading time\" \/>\n\t<meta name=\"twitter:data2\" content=\"1 minute\" \/>\n<!-- \/ Yoast SEO plugin. -->","yoast_head_json":{"title":"Tag der offenen T\u00fcr - Europ\u00e4isches Bildungswerk f\u00fcr Beruf und Gesellschaft","robots":{"index":"index","follow":"follow","max-snippet":"max-snippet:-1","max-image-preview":"max-image-preview:large","max-video-preview":"max-video-preview:-1"},"canonical":"https:\/\/www.ebg.de\/tag-der-offenen-tuer-6\/","og_locale":"en_US","og_type":"article","og_title":"Tag der offenen T\u00fcr - Europ\u00e4isches Bildungswerk f\u00fcr Beruf und Gesellschaft","og_description":"Er\u00f6ffnung unseres neuen Pflegekabinetts zum Tag der offenen T\u00fcr","og_url":"https:\/\/www.ebg.de\/tag-der-offenen-tuer-6\/","og_site_name":"Europ\u00e4isches Bildungswerk f\u00fcr Beruf und Gesellschaft","article_published_time":"2021-12-07T14:08:09+00:00","article_modified_time":"2021-12-09T07:48:25+00:00","og_image":[{"width":900,"height":453,"url":"https:\/\/www.ebg.de\/wp-content\/uploads\/2021\/12\/20211119_155928.jpg","type":"image\/jpeg"}],"author":"Carla R\u00f6blitz","twitter_card":"summary_large_image","twitter_misc":{"Written by":"Carla R\u00f6blitz","Est. reading time":"1 minute"},"schema":{"@context":"https:\/\/schema.org","@graph":[{"@type":"Article","@id":"https:\/\/www.ebg.de\/tag-der-offenen-tuer-6\/#article","isPartOf":{"@id":"https:\/\/www.ebg.de\/tag-der-offenen-tuer-6\/"},"author":{"name":"Carla R\u00f6blitz","@id":"https:\/\/www.ebg.de\/#\/schema\/person\/6194a3051c516578ca559a6b15ac8fd8"},"headline":"Tag der offenen T\u00fcr","datePublished":"2021-12-07T14:08:09+00:00","dateModified":"2021-12-09T07:48:25+00:00","mainEntityOfPage":{"@id":"https:\/\/www.ebg.de\/tag-der-offenen-tuer-6\/"},"wordCount":133,"image":{"@id":"https:\/\/www.ebg.de\/tag-der-offenen-tuer-6\/#primaryimage"},"thumbnailUrl":"https:\/\/www.ebg.de\/wp-content\/uploads\/2021\/12\/20211119_155928.jpg","keywords":["Ausbildung","Fachschule","Leipzig","Pflegeberufe"],"articleSection":["News - Leipzig Schulen"],"inLanguage":"en-US"},{"@type":"WebPage","@id":"https:\/\/www.ebg.de\/tag-der-offenen-tuer-6\/","url":"https:\/\/www.ebg.de\/tag-der-offenen-tuer-6\/","name":"Tag der offenen T\u00fcr - Europ\u00e4isches Bildungswerk f\u00fcr Beruf und Gesellschaft","isPartOf":{"@id":"https:\/\/www.ebg.de\/#website"},"primaryImageOfPage":{"@id":"https:\/\/www.ebg.de\/tag-der-offenen-tuer-6\/#primaryimage"},"image":{"@id":"https:\/\/www.ebg.de\/tag-der-offenen-tuer-6\/#primaryimage"},"thumbnailUrl":"https:\/\/www.ebg.de\/wp-content\/uploads\/2021\/12\/20211119_155928.jpg","datePublished":"2021-12-07T14:08:09+00:00","dateModified":"2021-12-09T07:48:25+00:00","author":{"@id":"https:\/\/www.ebg.de\/#\/schema\/person\/6194a3051c516578ca559a6b15ac8fd8"},"breadcrumb":{"@id":"https:\/\/www.ebg.de\/tag-der-offenen-tuer-6\/#breadcrumb"},"inLanguage":"en-US","potentialAction":[{"@type":"ReadAction","target":["https:\/\/www.ebg.de\/tag-der-offenen-tuer-6\/"]}]},{"@type":"ImageObject","inLanguage":"en-US","@id":"https:\/\/www.ebg.de\/tag-der-offenen-tuer-6\/#primaryimage","url":"https:\/\/www.ebg.de\/wp-content\/uploads\/2021\/12\/20211119_155928.jpg","contentUrl":"https:\/\/www.ebg.de\/wp-content\/uploads\/2021\/12\/20211119_155928.jpg","width":900,"height":453},{"@type":"BreadcrumbList","@id":"https:\/\/www.ebg.de\/tag-der-offenen-tuer-6\/#breadcrumb","itemListElement":[{"@type":"ListItem","position":1,"name":"Startseite","item":"https:\/\/www.ebg.de\/"},{"@type":"ListItem","position":2,"name":"Tag der offenen T\u00fcr"}]},{"@type":"WebSite","@id":"https:\/\/www.ebg.de\/#website","url":"https:\/\/www.ebg.de\/","name":"Europ\u00e4isches Bildungswerk f\u00fcr Beruf und Gesellschaft","description":"Bildung, Ausbildung und Weiterbildung","potentialAction":[{"@type":"SearchAction","target":{"@type":"EntryPoint","urlTemplate":"https:\/\/www.ebg.de\/?s={search_term_string}"},"query-input":{"@type":"PropertyValueSpecification","valueRequired":true,"valueName":"search_term_string"}}],"inLanguage":"en-US"},{"@type":"Person","@id":"https:\/\/www.ebg.de\/#\/schema\/person\/6194a3051c516578ca559a6b15ac8fd8","name":"Carla R\u00f6blitz","image":{"@type":"ImageObject","inLanguage":"en-US","@id":"https:\/\/www.ebg.de\/#\/schema\/person\/image\/","url":"https:\/\/secure.gravatar.com\/avatar\/a857149204a48781b4d141524fc4cbc60c48bb5682271a5e2762174f7ac85a2d?s=96&d=mm&r=g","contentUrl":"https:\/\/secure.gravatar.com\/avatar\/a857149204a48781b4d141524fc4cbc60c48bb5682271a5e2762174f7ac85a2d?s=96&d=mm&r=g","caption":"Carla R\u00f6blitz"},"url":"https:\/\/www.ebg.de\/en\/author\/croeblitz\/"}]}},"_links":{"self":[{"href":"https:\/\/www.ebg.de\/en\/wp-json\/wp\/v2\/posts\/16117","targetHints":{"allow":["GET"]}}],"collection":[{"href":"https:\/\/www.ebg.de\/en\/wp-json\/wp\/v2\/posts"}],"about":[{"href":"https:\/\/www.ebg.de\/en\/wp-json\/wp\/v2\/types\/post"}],"author":[{"embeddable":true,"href":"https:\/\/www.ebg.de\/en\/wp-json\/wp\/v2\/users\/2"}],"replies":[{"embeddable":true,"href":"https:\/\/www.ebg.de\/en\/wp-json\/wp\/v2\/comments?post=16117"}],"version-history":[{"count":6,"href":"https:\/\/www.ebg.de\/en\/wp-json\/wp\/v2\/posts\/16117\/revisions"}],"predecessor-version":[{"id":16180,"href":"https:\/\/www.ebg.de\/en\/wp-json\/wp\/v2\/posts\/16117\/revisions\/16180"}],"wp:featuredmedia":[{"embeddable":true,"href":"https:\/\/www.ebg.de\/en\/wp-json\/wp\/v2\/media\/16122"}],"wp:attachment":[{"href":"https:\/\/www.ebg.de\/en\/wp-json\/wp\/v2\/media?parent=16117"}],"wp:term":[{"taxonomy":"category","embeddable":true,"href":"https:\/\/www.ebg.de\/en\/wp-json\/wp\/v2\/categories?post=16117"},{"taxonomy":"post_tag","embeddable":true,"href":"https:\/\/www.ebg.de\/en\/wp-json\/wp\/v2\/tags?post=16117"}],"curies":[{"name":"wp","href":"https:\/\/api.w.org\/{rel}","templated":true}]}}