{"id":15896,"date":"2021-11-22T11:11:58","date_gmt":"2021-11-22T10:11:58","guid":{"rendered":"https:\/\/www.ebg.de\/?p=15896"},"modified":"2022-06-13T13:27:05","modified_gmt":"2022-06-13T11:27:05","slug":"schulerinnen-erkunden-die-bildungslandschaft-halberstadt-dom-heineaum","status":"publish","type":"post","link":"https:\/\/www.ebg.de\/en\/schulerinnen-erkunden-die-bildungslandschaft-halberstadt-dom-heineaum\/","title":{"rendered":"Sch\u00fcler und Sch\u00fclerinnen erkunden die Bildungslandschaft Halberstadt (Dom &#038; Heineaum)"},"content":{"rendered":"\n<p><strong>EBG-Sch\u00fcler erkunden Dom<\/strong><\/p>\n\n\n\n<p>In der Projektwoche vom 20.09 &#8211; 24.09.2021 erkundeten einige der angehenden ErzieherInnen den Halberst\u00e4dter Dom in seiner vollen Pracht.<\/p>\n\n\n\n<p><em>Dieser ist das Wahrzeichen von Halberstadt.<br>Der&nbsp;<strong><a href=\"https:\/\/www.ev-kirche-halberstadt.de\/hbs\/kirchen\/dom.php\">Dom St. Stephanus und St. Sixtus<\/a>&nbsp;<\/strong>ist die Wirkungsst\u00e4tte der Halberst\u00e4dter Bisch\u00f6fe, eine<\/em>s der dominierendsten Bauwerke der Stadt. Die Kathedrale wurde in der Zeit von 1236 bis 1486 nach franz\u00f6sischen Vorbildern in mehreren Etappen erbaut. Besonders sehenswert im Inneren der himmelw\u00e4rts strebenden und reichhaltig ausgestatteten Kathedrale sind der romanische Taufstein, die farbenfrohen 290 mittelalterlichen Glasmalereien sowie die Marienkapelle im Osten des Gotteshauses. Im Dom befinden sich in der Mitte u.a. ein Taufbecken und eine gro\u00dfe Orgel, welche mit Engeln und Musikinstrumenten verziert ist.<\/p>\n\n\n\n<p>In einem vorherigen Projekttag zeichneten einige der angehenden ErzieherInnen den Dom von innen und au\u00dfen und setzen sich mit Fragen auseinander, die Kinder stellen k\u00f6nnten. Am Ende der Projektwoche, pr\u00e4sentierten die Sch\u00fcler kreativ ihre Erkundungen vor den anderen Erzieherklassen anhand eines Puzzle und verschiedenen Gegenst\u00e4nden.<\/p>\n\n\n\n<p>Bildungsangebote sind u.a.<\/p>\n\n\n\n<p><strong>1. Drachenf\u00fchrung<\/strong><br>Bei der die Aufmerksamkeit der Besucher auf Drachendarstellungen gelenkt wird. (geeignet ab ca 6Jahren)<\/p>\n\n\n\n<p><strong>2. Fernglasf\u00fchrung<\/strong><br>Bei der es Dinge zu entdecken gibt, die mit blo\u00dfem Auge kaum oder nicht zu erkennen sind. Zum Beispiel Glasmalereien in den Fenstern (geeignet ab ca. 6 Jahren)<\/p>\n\n\n\n<p><strong>3. Dreieck-und W\u00fcrfelf\u00fchrung<\/strong><br>Bei der F\u00fchrung erfahren die Besucher wieviel Mathematik in dem Aufbau eines Dom steckt. (geeignet ab ca. 12 Jahren)<\/p>\n\n\n\n<p><strong>4. Vom Keller bis zum Dach<\/strong><br>Dort gelangen die Besucher einmal von ganz unten bis in die Turmspitzen. (geeignet ab ca 6 Jahren)<\/p>\n\n\n\n<p><strong>Dauer und Kosten der F\u00fchrungen<\/strong><br>1-3Std. 2,50\u20ac Erwachsene; 1,50\u20ac Kinder<\/p>\n\n\n\n<p><strong>\u00d6ffnungszeiten DOM<br>April-Oktober: &nbsp;<\/strong>Dienstag-Samstag: 10 &#8211; 17 Uhr Sonn-\/ Feiertag: 11 &#8211; 17 Uhr<br><strong>November-M\u00e4rz: &nbsp;<\/strong>Dienstag bis Samstag 10 &#8211; 16 Uhr Sonntag\/ Feiertag 11 &#8211; 16 Uhr<\/p>\n\n\n\n<p><\/p>\n\n\n\n<p><strong><a href=\"https:\/\/www.heineanum.de\/\">HEINEANUM<\/a><\/strong><\/p>\n\n\n\n<p><strong>ALLGEMEINE INFORMATIONEN<\/strong><br>Zu verschiedenen Ausstellungsthemen f\u00fcr Kinder &amp; Jugendliche gibt es zus\u00e4tzlich ein vielseitiges p\u00e4dagogisches Begleitprogramm.<br>Die Angebote sind an die jeweilige Altersstufe angepasst und k\u00f6nnen als Erg\u00e4nzung zum Lehrplan genutzt werden. Abh\u00e4ngig von den Themen dauern die Veranstaltungen ein bis zwei Stunden.<br><br><strong>P\u00c4DAGOGISCHE ANGEBOTE<\/strong><\/p>\n\n\n\n<p>SCHWARZER RABENPETER&nbsp;(Memory-Kartenspiel mit vielen Vogelmotiven)<br>GESCHICHTE ZUM W\u00dcRFELSPIEL&nbsp;(Gestalten eines Rotmilan-W\u00fcrfelspiels)<br>SCHON ANGESTECKT&nbsp;\u2013&nbsp;VOGELKUNDESTUNDE&nbsp;(Jeder Besucher darf seinen eigenen Ansteck-Button gestalten)<br>PICKEN, HACKEN, KNACKEN&nbsp;(Jeder Besucher darf sich zu einer Vogelart eine Schnabelmaske basteln)<\/p>\n\n\n\n<p><strong>\u00d6FFNUNGSZEITEN<\/strong><br>April bis Oktober: Dienstag bis Sonntag von 10 bis 17 Uhr <br>November bis M\u00e4rz: Dienstag bis Sonntag von 10 bis 16 Uhr<\/p>\n\n\n\n<p><strong>EINTRITT &amp; ZUSATZKOSTEN<\/strong><br>F\u00fcr Sch\u00fcler*innen 0,50 \u20ac pro Person (Begleitpersonen kostenfrei)&nbsp;<br>F\u00fcr Kita-Gruppen generell kostenfrei<\/p>\n\n\n\n<p><br><br><\/p>\n","protected":false},"excerpt":{"rendered":"<p>In der Projektwoche vom 20.09 &#8211; 24.09.2021 erkundeten einige der angehenden ErzieherInnen den Halberst\u00e4dter Dom in seiner vollen Pracht.<\/p>\n","protected":false},"author":22,"featured_media":0,"comment_status":"closed","ping_status":"closed","sticky":false,"template":"","format":"standard","meta":{"_acf_changed":false,"footnotes":""},"categories":[28],"tags":[],"class_list":["post-15896","post","type-post","status-publish","format-standard","hentry","category-news-halberstadt-schulen"],"acf":[],"yoast_head":"<!-- This site is optimized with the Yoast SEO plugin v26.9 - https:\/\/yoast.com\/product\/yoast-seo-wordpress\/ -->\n<title>Sch\u00fcler und Sch\u00fclerinnen erkunden die Bildungslandschaft Halberstadt (Dom &amp; Heineaum) - Europ\u00e4isches Bildungswerk f\u00fcr Beruf und Gesellschaft<\/title>\n<meta name=\"robots\" content=\"index, follow, max-snippet:-1, max-image-preview:large, max-video-preview:-1\" \/>\n<link rel=\"canonical\" href=\"https:\/\/www.ebg.de\/schulerinnen-erkunden-die-bildungslandschaft-halberstadt-dom-heineaum\/\" \/>\n<meta property=\"og:locale\" content=\"en_US\" \/>\n<meta property=\"og:type\" content=\"article\" \/>\n<meta property=\"og:title\" content=\"Sch\u00fcler und Sch\u00fclerinnen erkunden die Bildungslandschaft Halberstadt (Dom &amp; Heineaum) - Europ\u00e4isches Bildungswerk f\u00fcr Beruf und Gesellschaft\" \/>\n<meta property=\"og:description\" content=\"In der Projektwoche vom 20.09 - 24.09.2021 erkundeten einige der angehenden ErzieherInnen den Halberst\u00e4dter Dom in seiner vollen Pracht.\" \/>\n<meta property=\"og:url\" content=\"https:\/\/www.ebg.de\/schulerinnen-erkunden-die-bildungslandschaft-halberstadt-dom-heineaum\/\" \/>\n<meta property=\"og:site_name\" content=\"Europ\u00e4isches Bildungswerk f\u00fcr Beruf und Gesellschaft\" \/>\n<meta property=\"article:published_time\" content=\"2021-11-22T10:11:58+00:00\" \/>\n<meta property=\"article:modified_time\" content=\"2022-06-13T11:27:05+00:00\" \/>\n<meta name=\"author\" content=\"Stephan Deubner\" \/>\n<meta name=\"twitter:card\" content=\"summary_large_image\" \/>\n<meta name=\"twitter:label1\" content=\"Written by\" \/>\n\t<meta name=\"twitter:data1\" content=\"Stephan Deubner\" \/>\n\t<meta name=\"twitter:label2\" content=\"Est. reading time\" \/>\n\t<meta name=\"twitter:data2\" content=\"2 minutes\" \/>\n<!-- \/ Yoast SEO plugin. -->","yoast_head_json":{"title":"Sch\u00fcler und Sch\u00fclerinnen erkunden die Bildungslandschaft Halberstadt (Dom & Heineaum) - Europ\u00e4isches Bildungswerk f\u00fcr Beruf und Gesellschaft","robots":{"index":"index","follow":"follow","max-snippet":"max-snippet:-1","max-image-preview":"max-image-preview:large","max-video-preview":"max-video-preview:-1"},"canonical":"https:\/\/www.ebg.de\/schulerinnen-erkunden-die-bildungslandschaft-halberstadt-dom-heineaum\/","og_locale":"en_US","og_type":"article","og_title":"Sch\u00fcler und Sch\u00fclerinnen erkunden die Bildungslandschaft Halberstadt (Dom & Heineaum) - Europ\u00e4isches Bildungswerk f\u00fcr Beruf und Gesellschaft","og_description":"In der Projektwoche vom 20.09 - 24.09.2021 erkundeten einige der angehenden ErzieherInnen den Halberst\u00e4dter Dom in seiner vollen Pracht.","og_url":"https:\/\/www.ebg.de\/schulerinnen-erkunden-die-bildungslandschaft-halberstadt-dom-heineaum\/","og_site_name":"Europ\u00e4isches Bildungswerk f\u00fcr Beruf und Gesellschaft","article_published_time":"2021-11-22T10:11:58+00:00","article_modified_time":"2022-06-13T11:27:05+00:00","author":"Stephan Deubner","twitter_card":"summary_large_image","twitter_misc":{"Written by":"Stephan Deubner","Est. reading time":"2 minutes"},"schema":{"@context":"https:\/\/schema.org","@graph":[{"@type":"Article","@id":"https:\/\/www.ebg.de\/schulerinnen-erkunden-die-bildungslandschaft-halberstadt-dom-heineaum\/#article","isPartOf":{"@id":"https:\/\/www.ebg.de\/schulerinnen-erkunden-die-bildungslandschaft-halberstadt-dom-heineaum\/"},"author":{"name":"Stephan Deubner","@id":"https:\/\/www.ebg.de\/#\/schema\/person\/af645ea1741029d9a44ae532ceb268bc"},"headline":"Sch\u00fcler und Sch\u00fclerinnen erkunden die Bildungslandschaft Halberstadt (Dom &#038; Heineaum)","datePublished":"2021-11-22T10:11:58+00:00","dateModified":"2022-06-13T11:27:05+00:00","mainEntityOfPage":{"@id":"https:\/\/www.ebg.de\/schulerinnen-erkunden-die-bildungslandschaft-halberstadt-dom-heineaum\/"},"wordCount":439,"articleSection":["News - Halberstadt Schulen"],"inLanguage":"en-US"},{"@type":"WebPage","@id":"https:\/\/www.ebg.de\/schulerinnen-erkunden-die-bildungslandschaft-halberstadt-dom-heineaum\/","url":"https:\/\/www.ebg.de\/schulerinnen-erkunden-die-bildungslandschaft-halberstadt-dom-heineaum\/","name":"Sch\u00fcler und Sch\u00fclerinnen erkunden die Bildungslandschaft Halberstadt (Dom & Heineaum) - Europ\u00e4isches Bildungswerk f\u00fcr Beruf und Gesellschaft","isPartOf":{"@id":"https:\/\/www.ebg.de\/#website"},"datePublished":"2021-11-22T10:11:58+00:00","dateModified":"2022-06-13T11:27:05+00:00","author":{"@id":"https:\/\/www.ebg.de\/#\/schema\/person\/af645ea1741029d9a44ae532ceb268bc"},"breadcrumb":{"@id":"https:\/\/www.ebg.de\/schulerinnen-erkunden-die-bildungslandschaft-halberstadt-dom-heineaum\/#breadcrumb"},"inLanguage":"en-US","potentialAction":[{"@type":"ReadAction","target":["https:\/\/www.ebg.de\/schulerinnen-erkunden-die-bildungslandschaft-halberstadt-dom-heineaum\/"]}]},{"@type":"BreadcrumbList","@id":"https:\/\/www.ebg.de\/schulerinnen-erkunden-die-bildungslandschaft-halberstadt-dom-heineaum\/#breadcrumb","itemListElement":[{"@type":"ListItem","position":1,"name":"Startseite","item":"https:\/\/www.ebg.de\/"},{"@type":"ListItem","position":2,"name":"Sch\u00fcler und Sch\u00fclerinnen erkunden die Bildungslandschaft Halberstadt (Dom &#038; Heineaum)"}]},{"@type":"WebSite","@id":"https:\/\/www.ebg.de\/#website","url":"https:\/\/www.ebg.de\/","name":"Europ\u00e4isches Bildungswerk f\u00fcr Beruf und Gesellschaft","description":"Bildung, Ausbildung und Weiterbildung","potentialAction":[{"@type":"SearchAction","target":{"@type":"EntryPoint","urlTemplate":"https:\/\/www.ebg.de\/?s={search_term_string}"},"query-input":{"@type":"PropertyValueSpecification","valueRequired":true,"valueName":"search_term_string"}}],"inLanguage":"en-US"},{"@type":"Person","@id":"https:\/\/www.ebg.de\/#\/schema\/person\/af645ea1741029d9a44ae532ceb268bc","name":"Stephan Deubner","image":{"@type":"ImageObject","inLanguage":"en-US","@id":"https:\/\/www.ebg.de\/#\/schema\/person\/image\/","url":"https:\/\/secure.gravatar.com\/avatar\/35731f6a08afa0518c45f153077f6135c0f41aa2ae0b76e850ef9508976a7bbe?s=96&d=mm&r=g","contentUrl":"https:\/\/secure.gravatar.com\/avatar\/35731f6a08afa0518c45f153077f6135c0f41aa2ae0b76e850ef9508976a7bbe?s=96&d=mm&r=g","caption":"Stephan Deubner"},"url":"https:\/\/www.ebg.de\/en\/author\/sdeubner\/"}]}},"_links":{"self":[{"href":"https:\/\/www.ebg.de\/en\/wp-json\/wp\/v2\/posts\/15896","targetHints":{"allow":["GET"]}}],"collection":[{"href":"https:\/\/www.ebg.de\/en\/wp-json\/wp\/v2\/posts"}],"about":[{"href":"https:\/\/www.ebg.de\/en\/wp-json\/wp\/v2\/types\/post"}],"author":[{"embeddable":true,"href":"https:\/\/www.ebg.de\/en\/wp-json\/wp\/v2\/users\/22"}],"replies":[{"embeddable":true,"href":"https:\/\/www.ebg.de\/en\/wp-json\/wp\/v2\/comments?post=15896"}],"version-history":[{"count":14,"href":"https:\/\/www.ebg.de\/en\/wp-json\/wp\/v2\/posts\/15896\/revisions"}],"predecessor-version":[{"id":22428,"href":"https:\/\/www.ebg.de\/en\/wp-json\/wp\/v2\/posts\/15896\/revisions\/22428"}],"wp:attachment":[{"href":"https:\/\/www.ebg.de\/en\/wp-json\/wp\/v2\/media?parent=15896"}],"wp:term":[{"taxonomy":"category","embeddable":true,"href":"https:\/\/www.ebg.de\/en\/wp-json\/wp\/v2\/categories?post=15896"},{"taxonomy":"post_tag","embeddable":true,"href":"https:\/\/www.ebg.de\/en\/wp-json\/wp\/v2\/tags?post=15896"}],"curies":[{"name":"wp","href":"https:\/\/api.w.org\/{rel}","templated":true}]}}