{"id":15879,"date":"2021-11-22T11:11:55","date_gmt":"2021-11-22T10:11:55","guid":{"rendered":"https:\/\/www.ebg.de\/?p=15879"},"modified":"2022-06-13T13:26:38","modified_gmt":"2022-06-13T11:26:38","slug":"schuelerinnen-erkunden-die-bildungslandschaft-halberstadt-gleimhaus-zuckerfabrik","status":"publish","type":"post","link":"https:\/\/www.ebg.de\/en\/schuelerinnen-erkunden-die-bildungslandschaft-halberstadt-gleimhaus-zuckerfabrik\/","title":{"rendered":"Sch\u00fcler und Sch\u00fclerinnen erkunden die Bildungslandschaft Halberstadt (Gleimhaus &#038; Zuckerfabrik)"},"content":{"rendered":"\n<p><strong><a href=\"https:\/\/www.ebg.de\/wp-content\/uploads\/2021\/11\/Das-Gleimhaus-als-Bildungsangebot.pdf\">Das Gleimhaus<\/a><\/strong><br><strong>Das Gleimhaus als Bildungseinrichtung<\/strong><\/p>\n\n\n\n<p>= Museum der deutschen Aufkl\u00e4rung<br>&#8211; war die Dienstwohnung von Gleim<br>&#8211; ab dem 19. Jh: Museum der Bilder, B\u00fccher und Briefe<br>&#8211; besteht aus drei H\u00e4usern<br>\u2192das zweite lie\u00df Gleim selbst anbauen \u2013 barrierearm\u2192 Fahrstuhl vorhanden<br>&#8211; 1719 in Ermsleben, bei Aschersleben, geboren &#8211; widmete sich der Aufkl\u00e4rung<br>&#8211; war Dichter<br>&#8211; arbeitete als Domsekret\u00e4r &#8211; 1803 in Halberstadt gestorben<br>&#8211; hinterlie\u00df Briefe, B\u00fccher und Portraits seiner Freunde und Bekanntschaften<br><br><strong>Welche Bildungsangebote gibt es f\u00fcr Kinder?<\/strong><\/p>\n\n\n\n<ul class=\"wp-block-list\"><li>vom 24. Oktober 2021 bis zum 20. Februar 2022:&nbsp;Ausstellung \u201eLeselust. Kinderb\u00fccher\u201c \u2192 mit Bastelstunden<br>\u2192 Lesungen und Geschichten&nbsp;\u2192 Schnitzen wie Michel aus L\u00f6nneberga&nbsp;\u2192 Rundg\u00e4nge durch die Ausstellung<br>\u2192 Briefumschl\u00e4ge falten<br>\u2192 verkleiden mit historischen Kost\u00fcmen<br><\/li><\/ul>\n\n\n\n<p><a href=\"https:\/\/zuckerfabrik.de\/kino\/home\/city85\"><strong>Die Zuckerfabrik<\/strong><\/a><br><br>Die Zuckerfabrik wurde das erste Mal 1997 als Kino genutzt. Der Leiter Herr Zimny ist gerne bereit Fragen umfangreich zu beantworten.<\/p>\n\n\n\n<p>Sehr zu empfehlen ist die Kinowoche f\u00fcr Schulklassen und Kitagruppen. Die Kinowoche geht in der Regel \u00fcber zwei Wochen und bietet ein umfangreiches Angebot f\u00fcr alle Altersklassen.<\/p>\n\n\n\n<p>Bei diesem Angebot k\u00f6nnen die Gruppen einen gemeinsamen Kino Tag im vollen Umfang genie\u00dfen. Dieser Beinhaltet nicht nur den Besuch eines ausgew\u00e4hlten Filmes, sondern man kann sich als extra ein gemeinsames Mittagessen und Bowlingstunden dazu buchen.<\/p>\n\n\n\n<p>Zu dem Kino geh\u00f6rt das Casablanca. In dieser Gastst\u00e4tte kann man sich an bestimmten Tagen wie z.B. den Pizza &#8211; Pasta &#8211; Hollywood Tag ein Essen bezahlen und bekommet als Bonus den Film seiner Wahl gratis dazu. Wer bekommt nicht gerne Rabatt oder eine Erm\u00e4\u00dfigung? Dann sollte man dringend an Montag das Kino Besuchen. Warum? Montag ist  Kino Tag in Zuckerfabrik. Dort bekommst du eine Erm\u00e4\u00dfigung auf den Film deiner Wahl und sparst so gegen\u00fcber den anderen Wochentagen. Wenn man einen Film als Wunsch hat und dieser sollte gerade nicht zur Verf\u00fcgung stehen, k\u00fcmmern sich die Mitarbeiter darum und versuchen diesen Film zu besorgen. Das Schulamt gibt die Empfehlung raus, das ein Kinobesuch erst ab dem Schulalter ratsam ist. Menschen mit einer Behinderung sind trotz Handikap immer gern gesehene G\u00e4ste in unserem Kino. Im Eingangsbereich befindet sich der Fahrstuhl, mit dem man dann in die zweite Etage gelangt wo sich die Kinos\u00e4le befinden.<\/p>\n\n\n\n<p>Beim Kinobesuch erleben alle das Gef\u00fchl der Gemeinsamkeit, welches unser Gemeinschaftsgef\u00fchl st\u00e4rkt. Emotionen kochen hoch wenn man die bekannten Figuren aus bekannten Filmen sieht. Ja es gibt uns ein Gef\u00fchl des Gl\u00fcckes und der Zufriedenheit.<\/p>\n\n\n\n<p>In einem Film werden aber nicht nur Gef\u00fchle geweckt, sondern auch Lernprozesse angeregt und die Sprache, Kreativit\u00e4t, Wahrnehmung und Ged\u00e4chtnisleistung gef\u00f6rdert<br><br><\/p>\n","protected":false},"excerpt":{"rendered":"<p>Die Zuckerfabrik wurde das erste Mal 1997 als Kino genutzt. Der Leiter Herr Zimny ist gerne bereit Fragen umfangreich zu beantworten.<\/p>\n","protected":false},"author":22,"featured_media":0,"comment_status":"closed","ping_status":"closed","sticky":false,"template":"","format":"standard","meta":{"_acf_changed":false,"footnotes":""},"categories":[28],"tags":[],"class_list":["post-15879","post","type-post","status-publish","format-standard","hentry","category-news-halberstadt-schulen"],"acf":[],"yoast_head":"<!-- This site is optimized with the Yoast SEO plugin v26.9 - https:\/\/yoast.com\/product\/yoast-seo-wordpress\/ -->\n<title>Sch\u00fcler und Sch\u00fclerinnen erkunden die Bildungslandschaft Halberstadt (Gleimhaus &amp; Zuckerfabrik) - Europ\u00e4isches Bildungswerk f\u00fcr Beruf und Gesellschaft<\/title>\n<meta name=\"robots\" content=\"index, follow, max-snippet:-1, max-image-preview:large, max-video-preview:-1\" \/>\n<link rel=\"canonical\" href=\"https:\/\/www.ebg.de\/schuelerinnen-erkunden-die-bildungslandschaft-halberstadt-gleimhaus-zuckerfabrik\/\" \/>\n<meta property=\"og:locale\" content=\"en_US\" \/>\n<meta property=\"og:type\" content=\"article\" \/>\n<meta property=\"og:title\" content=\"Sch\u00fcler und Sch\u00fclerinnen erkunden die Bildungslandschaft Halberstadt (Gleimhaus &amp; Zuckerfabrik) - Europ\u00e4isches Bildungswerk f\u00fcr Beruf und Gesellschaft\" \/>\n<meta property=\"og:description\" content=\"Die Zuckerfabrik wurde das erste Mal 1997 als Kino genutzt. Der Leiter Herr Zimny ist gerne bereit Fragen umfangreich zu beantworten.\" \/>\n<meta property=\"og:url\" content=\"https:\/\/www.ebg.de\/schuelerinnen-erkunden-die-bildungslandschaft-halberstadt-gleimhaus-zuckerfabrik\/\" \/>\n<meta property=\"og:site_name\" content=\"Europ\u00e4isches Bildungswerk f\u00fcr Beruf und Gesellschaft\" \/>\n<meta property=\"article:published_time\" content=\"2021-11-22T10:11:55+00:00\" \/>\n<meta property=\"article:modified_time\" content=\"2022-06-13T11:26:38+00:00\" \/>\n<meta name=\"author\" content=\"Stephan Deubner\" \/>\n<meta name=\"twitter:card\" content=\"summary_large_image\" \/>\n<meta name=\"twitter:label1\" content=\"Written by\" \/>\n\t<meta name=\"twitter:data1\" content=\"Stephan Deubner\" \/>\n\t<meta name=\"twitter:label2\" content=\"Est. reading time\" \/>\n\t<meta name=\"twitter:data2\" content=\"2 minutes\" \/>\n<!-- \/ Yoast SEO plugin. -->","yoast_head_json":{"title":"Sch\u00fcler und Sch\u00fclerinnen erkunden die Bildungslandschaft Halberstadt (Gleimhaus & Zuckerfabrik) - Europ\u00e4isches Bildungswerk f\u00fcr Beruf und Gesellschaft","robots":{"index":"index","follow":"follow","max-snippet":"max-snippet:-1","max-image-preview":"max-image-preview:large","max-video-preview":"max-video-preview:-1"},"canonical":"https:\/\/www.ebg.de\/schuelerinnen-erkunden-die-bildungslandschaft-halberstadt-gleimhaus-zuckerfabrik\/","og_locale":"en_US","og_type":"article","og_title":"Sch\u00fcler und Sch\u00fclerinnen erkunden die Bildungslandschaft Halberstadt (Gleimhaus & Zuckerfabrik) - Europ\u00e4isches Bildungswerk f\u00fcr Beruf und Gesellschaft","og_description":"Die Zuckerfabrik wurde das erste Mal 1997 als Kino genutzt. Der Leiter Herr Zimny ist gerne bereit Fragen umfangreich zu beantworten.","og_url":"https:\/\/www.ebg.de\/schuelerinnen-erkunden-die-bildungslandschaft-halberstadt-gleimhaus-zuckerfabrik\/","og_site_name":"Europ\u00e4isches Bildungswerk f\u00fcr Beruf und Gesellschaft","article_published_time":"2021-11-22T10:11:55+00:00","article_modified_time":"2022-06-13T11:26:38+00:00","author":"Stephan Deubner","twitter_card":"summary_large_image","twitter_misc":{"Written by":"Stephan Deubner","Est. reading time":"2 minutes"},"schema":{"@context":"https:\/\/schema.org","@graph":[{"@type":"Article","@id":"https:\/\/www.ebg.de\/schuelerinnen-erkunden-die-bildungslandschaft-halberstadt-gleimhaus-zuckerfabrik\/#article","isPartOf":{"@id":"https:\/\/www.ebg.de\/schuelerinnen-erkunden-die-bildungslandschaft-halberstadt-gleimhaus-zuckerfabrik\/"},"author":{"name":"Stephan Deubner","@id":"https:\/\/www.ebg.de\/#\/schema\/person\/af645ea1741029d9a44ae532ceb268bc"},"headline":"Sch\u00fcler und Sch\u00fclerinnen erkunden die Bildungslandschaft Halberstadt (Gleimhaus &#038; Zuckerfabrik)","datePublished":"2021-11-22T10:11:55+00:00","dateModified":"2022-06-13T11:26:38+00:00","mainEntityOfPage":{"@id":"https:\/\/www.ebg.de\/schuelerinnen-erkunden-die-bildungslandschaft-halberstadt-gleimhaus-zuckerfabrik\/"},"wordCount":443,"articleSection":["News - Halberstadt Schulen"],"inLanguage":"en-US"},{"@type":"WebPage","@id":"https:\/\/www.ebg.de\/schuelerinnen-erkunden-die-bildungslandschaft-halberstadt-gleimhaus-zuckerfabrik\/","url":"https:\/\/www.ebg.de\/schuelerinnen-erkunden-die-bildungslandschaft-halberstadt-gleimhaus-zuckerfabrik\/","name":"Sch\u00fcler und Sch\u00fclerinnen erkunden die Bildungslandschaft Halberstadt (Gleimhaus & Zuckerfabrik) - Europ\u00e4isches Bildungswerk f\u00fcr Beruf und Gesellschaft","isPartOf":{"@id":"https:\/\/www.ebg.de\/#website"},"datePublished":"2021-11-22T10:11:55+00:00","dateModified":"2022-06-13T11:26:38+00:00","author":{"@id":"https:\/\/www.ebg.de\/#\/schema\/person\/af645ea1741029d9a44ae532ceb268bc"},"breadcrumb":{"@id":"https:\/\/www.ebg.de\/schuelerinnen-erkunden-die-bildungslandschaft-halberstadt-gleimhaus-zuckerfabrik\/#breadcrumb"},"inLanguage":"en-US","potentialAction":[{"@type":"ReadAction","target":["https:\/\/www.ebg.de\/schuelerinnen-erkunden-die-bildungslandschaft-halberstadt-gleimhaus-zuckerfabrik\/"]}]},{"@type":"BreadcrumbList","@id":"https:\/\/www.ebg.de\/schuelerinnen-erkunden-die-bildungslandschaft-halberstadt-gleimhaus-zuckerfabrik\/#breadcrumb","itemListElement":[{"@type":"ListItem","position":1,"name":"Startseite","item":"https:\/\/www.ebg.de\/"},{"@type":"ListItem","position":2,"name":"Sch\u00fcler und Sch\u00fclerinnen erkunden die Bildungslandschaft Halberstadt (Gleimhaus &#038; Zuckerfabrik)"}]},{"@type":"WebSite","@id":"https:\/\/www.ebg.de\/#website","url":"https:\/\/www.ebg.de\/","name":"Europ\u00e4isches Bildungswerk f\u00fcr Beruf und Gesellschaft","description":"Bildung, Ausbildung und Weiterbildung","potentialAction":[{"@type":"SearchAction","target":{"@type":"EntryPoint","urlTemplate":"https:\/\/www.ebg.de\/?s={search_term_string}"},"query-input":{"@type":"PropertyValueSpecification","valueRequired":true,"valueName":"search_term_string"}}],"inLanguage":"en-US"},{"@type":"Person","@id":"https:\/\/www.ebg.de\/#\/schema\/person\/af645ea1741029d9a44ae532ceb268bc","name":"Stephan Deubner","image":{"@type":"ImageObject","inLanguage":"en-US","@id":"https:\/\/www.ebg.de\/#\/schema\/person\/image\/","url":"https:\/\/secure.gravatar.com\/avatar\/35731f6a08afa0518c45f153077f6135c0f41aa2ae0b76e850ef9508976a7bbe?s=96&d=mm&r=g","contentUrl":"https:\/\/secure.gravatar.com\/avatar\/35731f6a08afa0518c45f153077f6135c0f41aa2ae0b76e850ef9508976a7bbe?s=96&d=mm&r=g","caption":"Stephan Deubner"},"url":"https:\/\/www.ebg.de\/en\/author\/sdeubner\/"}]}},"_links":{"self":[{"href":"https:\/\/www.ebg.de\/en\/wp-json\/wp\/v2\/posts\/15879","targetHints":{"allow":["GET"]}}],"collection":[{"href":"https:\/\/www.ebg.de\/en\/wp-json\/wp\/v2\/posts"}],"about":[{"href":"https:\/\/www.ebg.de\/en\/wp-json\/wp\/v2\/types\/post"}],"author":[{"embeddable":true,"href":"https:\/\/www.ebg.de\/en\/wp-json\/wp\/v2\/users\/22"}],"replies":[{"embeddable":true,"href":"https:\/\/www.ebg.de\/en\/wp-json\/wp\/v2\/comments?post=15879"}],"version-history":[{"count":10,"href":"https:\/\/www.ebg.de\/en\/wp-json\/wp\/v2\/posts\/15879\/revisions"}],"predecessor-version":[{"id":22429,"href":"https:\/\/www.ebg.de\/en\/wp-json\/wp\/v2\/posts\/15879\/revisions\/22429"}],"wp:attachment":[{"href":"https:\/\/www.ebg.de\/en\/wp-json\/wp\/v2\/media?parent=15879"}],"wp:term":[{"taxonomy":"category","embeddable":true,"href":"https:\/\/www.ebg.de\/en\/wp-json\/wp\/v2\/categories?post=15879"},{"taxonomy":"post_tag","embeddable":true,"href":"https:\/\/www.ebg.de\/en\/wp-json\/wp\/v2\/tags?post=15879"}],"curies":[{"name":"wp","href":"https:\/\/api.w.org\/{rel}","templated":true}]}}