{"id":15573,"date":"2021-11-10T09:00:47","date_gmt":"2021-11-10T08:00:47","guid":{"rendered":"https:\/\/www.ebg.de\/?p=15573"},"modified":"2023-02-02T15:27:30","modified_gmt":"2023-02-02T14:27:30","slug":"eroeffnung-des-technikums-magdeburg","status":"publish","type":"post","link":"https:\/\/www.ebg.de\/en\/eroeffnung-des-technikums-magdeburg\/","title":{"rendered":"Er\u00f6ffnung des Technikums Magdeburg"},"content":{"rendered":"\n<p>nach der Neugestaltung und dem Umzug unseres Verbundausbildungszentrums er\u00f6ffneten wir am 03. November 2021 in Anwesenheit des Ministerpr\u00e4sidenten des Landes Sachsen-Anhalt, Herrn Dr. Reiner Haseloff, das neue Technikum des Europ\u00e4ischen Bildungswerkes f\u00fcr Beruf und Gesellschaft am neuen Standort Alt Westerh\u00fcsen 50.<\/p>\n\n\n\n<figure class=\"wp-block-gallery has-nested-images columns-2 is-cropped wp-block-gallery-1 is-layout-flex wp-block-gallery-is-layout-flex\">\n<figure class=\"wp-block-image size-large\"><img loading=\"lazy\" decoding=\"async\" width=\"1024\" height=\"683\" data-id=\"15576\" src=\"https:\/\/www.ebg.de\/wp-content\/uploads\/2021\/11\/IMG_7767-1024x683.jpg\" alt=\"\" class=\"wp-image-15576\" srcset=\"https:\/\/www.ebg.de\/wp-content\/uploads\/2021\/11\/IMG_7767-1024x683.jpg 1024w, https:\/\/www.ebg.de\/wp-content\/uploads\/2021\/11\/IMG_7767-300x200.jpg 300w, https:\/\/www.ebg.de\/wp-content\/uploads\/2021\/11\/IMG_7767-768x512.jpg 768w, https:\/\/www.ebg.de\/wp-content\/uploads\/2021\/11\/IMG_7767-1536x1024.jpg 1536w, https:\/\/www.ebg.de\/wp-content\/uploads\/2021\/11\/IMG_7767-2048x1365.jpg 2048w, https:\/\/www.ebg.de\/wp-content\/uploads\/2021\/11\/IMG_7767-900x600.jpg 900w, https:\/\/www.ebg.de\/wp-content\/uploads\/2021\/11\/IMG_7767-1200x800.jpg 1200w\" sizes=\"auto, (max-width: 1024px) 100vw, 1024px\" \/><\/figure>\n\n\n\n<figure class=\"wp-block-image size-large\"><img loading=\"lazy\" decoding=\"async\" width=\"1024\" height=\"683\" data-id=\"15580\" src=\"https:\/\/www.ebg.de\/wp-content\/uploads\/2021\/11\/IMG_7770-1024x683.jpg\" alt=\"\" class=\"wp-image-15580\" srcset=\"https:\/\/www.ebg.de\/wp-content\/uploads\/2021\/11\/IMG_7770-1024x683.jpg 1024w, https:\/\/www.ebg.de\/wp-content\/uploads\/2021\/11\/IMG_7770-300x200.jpg 300w, https:\/\/www.ebg.de\/wp-content\/uploads\/2021\/11\/IMG_7770-768x512.jpg 768w, https:\/\/www.ebg.de\/wp-content\/uploads\/2021\/11\/IMG_7770-1536x1024.jpg 1536w, https:\/\/www.ebg.de\/wp-content\/uploads\/2021\/11\/IMG_7770-2048x1365.jpg 2048w, https:\/\/www.ebg.de\/wp-content\/uploads\/2021\/11\/IMG_7770-900x600.jpg 900w, https:\/\/www.ebg.de\/wp-content\/uploads\/2021\/11\/IMG_7770-1200x800.jpg 1200w\" sizes=\"auto, (max-width: 1024px) 100vw, 1024px\" \/><\/figure>\n\n\n\n<figure class=\"wp-block-image size-large\"><img loading=\"lazy\" decoding=\"async\" width=\"1024\" height=\"683\" data-id=\"15584\" src=\"https:\/\/www.ebg.de\/wp-content\/uploads\/2021\/11\/IMG_7809-2-1024x683.jpg\" alt=\"\" class=\"wp-image-15584\" srcset=\"https:\/\/www.ebg.de\/wp-content\/uploads\/2021\/11\/IMG_7809-2-1024x683.jpg 1024w, https:\/\/www.ebg.de\/wp-content\/uploads\/2021\/11\/IMG_7809-2-300x200.jpg 300w, https:\/\/www.ebg.de\/wp-content\/uploads\/2021\/11\/IMG_7809-2-768x512.jpg 768w, https:\/\/www.ebg.de\/wp-content\/uploads\/2021\/11\/IMG_7809-2-1536x1024.jpg 1536w, https:\/\/www.ebg.de\/wp-content\/uploads\/2021\/11\/IMG_7809-2-2048x1365.jpg 2048w, https:\/\/www.ebg.de\/wp-content\/uploads\/2021\/11\/IMG_7809-2-900x600.jpg 900w, https:\/\/www.ebg.de\/wp-content\/uploads\/2021\/11\/IMG_7809-2-1200x800.jpg 1200w\" sizes=\"auto, (max-width: 1024px) 100vw, 1024px\" \/><\/figure>\n\n\n\n<figure class=\"wp-block-image size-large\"><img loading=\"lazy\" decoding=\"async\" width=\"1024\" height=\"683\" data-id=\"15586\" src=\"https:\/\/www.ebg.de\/wp-content\/uploads\/2021\/11\/IMG_7771-1-1024x683.jpg\" alt=\"\" class=\"wp-image-15586\" srcset=\"https:\/\/www.ebg.de\/wp-content\/uploads\/2021\/11\/IMG_7771-1-1024x683.jpg 1024w, https:\/\/www.ebg.de\/wp-content\/uploads\/2021\/11\/IMG_7771-1-300x200.jpg 300w, https:\/\/www.ebg.de\/wp-content\/uploads\/2021\/11\/IMG_7771-1-768x512.jpg 768w, https:\/\/www.ebg.de\/wp-content\/uploads\/2021\/11\/IMG_7771-1-1536x1024.jpg 1536w, https:\/\/www.ebg.de\/wp-content\/uploads\/2021\/11\/IMG_7771-1-2048x1365.jpg 2048w, https:\/\/www.ebg.de\/wp-content\/uploads\/2021\/11\/IMG_7771-1-900x600.jpg 900w, https:\/\/www.ebg.de\/wp-content\/uploads\/2021\/11\/IMG_7771-1-1200x800.jpg 1200w\" sizes=\"auto, (max-width: 1024px) 100vw, 1024px\" \/><\/figure>\n<\/figure>\n\n\n\n<p>Herr Professor Dr. Bernhard Beckmann er\u00f6ffnete die Feierlichkeiten in der Pestalozzi Aula vor zahlreich geladenen G\u00e4sten. Herr Thilo Reichelt, Gesch\u00e4ftsf\u00fchrer des EBG \u00fcbernahm und gab Einblicke in die Visionen, Anspr\u00fcche und Angebote des Technikums Magdeburg.<\/p>\n\n\n\n<p><br>Der Gesch\u00e4ftsf\u00fchrer der Agentur f\u00fcr Arbeit Magdeburg Matthias Kaschte sowie Herr Marco Langhof, Pr\u00e4sident der Arbeitgeber- und Wirtschaftsverb\u00e4nde Sachsen-Anhalt nahmen ebenfalls am anschlie\u00dfenden Rundgang durch die Hallen und R\u00e4umlichkeiten des Technikums Magdeburg teil.<br><\/p>\n\n\n\n<figure class=\"wp-block-gallery has-nested-images columns-default is-cropped wp-block-gallery-2 is-layout-flex wp-block-gallery-is-layout-flex\">\n<figure class=\"wp-block-image size-large\"><img loading=\"lazy\" decoding=\"async\" width=\"1024\" height=\"683\" data-id=\"15588\" src=\"https:\/\/www.ebg.de\/wp-content\/uploads\/2021\/11\/IMG_7935-1024x683.jpg\" alt=\"\" class=\"wp-image-15588\" srcset=\"https:\/\/www.ebg.de\/wp-content\/uploads\/2021\/11\/IMG_7935-1024x683.jpg 1024w, https:\/\/www.ebg.de\/wp-content\/uploads\/2021\/11\/IMG_7935-300x200.jpg 300w, https:\/\/www.ebg.de\/wp-content\/uploads\/2021\/11\/IMG_7935-768x512.jpg 768w, https:\/\/www.ebg.de\/wp-content\/uploads\/2021\/11\/IMG_7935-1536x1024.jpg 1536w, https:\/\/www.ebg.de\/wp-content\/uploads\/2021\/11\/IMG_7935-2048x1365.jpg 2048w, https:\/\/www.ebg.de\/wp-content\/uploads\/2021\/11\/IMG_7935-900x600.jpg 900w, https:\/\/www.ebg.de\/wp-content\/uploads\/2021\/11\/IMG_7935-1200x800.jpg 1200w\" sizes=\"auto, (max-width: 1024px) 100vw, 1024px\" \/><\/figure>\n\n\n\n<figure class=\"wp-block-image size-large\"><img loading=\"lazy\" decoding=\"async\" width=\"1024\" height=\"683\" data-id=\"15592\" src=\"https:\/\/www.ebg.de\/wp-content\/uploads\/2021\/11\/IMG_7864-1-1024x683.jpg\" alt=\"\" class=\"wp-image-15592\" srcset=\"https:\/\/www.ebg.de\/wp-content\/uploads\/2021\/11\/IMG_7864-1-1024x683.jpg 1024w, https:\/\/www.ebg.de\/wp-content\/uploads\/2021\/11\/IMG_7864-1-300x200.jpg 300w, https:\/\/www.ebg.de\/wp-content\/uploads\/2021\/11\/IMG_7864-1-768x512.jpg 768w, https:\/\/www.ebg.de\/wp-content\/uploads\/2021\/11\/IMG_7864-1-1536x1024.jpg 1536w, https:\/\/www.ebg.de\/wp-content\/uploads\/2021\/11\/IMG_7864-1-2048x1365.jpg 2048w, https:\/\/www.ebg.de\/wp-content\/uploads\/2021\/11\/IMG_7864-1-900x600.jpg 900w, https:\/\/www.ebg.de\/wp-content\/uploads\/2021\/11\/IMG_7864-1-1200x800.jpg 1200w\" sizes=\"auto, (max-width: 1024px) 100vw, 1024px\" \/><\/figure>\n\n\n\n<figure class=\"wp-block-image size-large\"><img loading=\"lazy\" decoding=\"async\" width=\"1024\" height=\"683\" data-id=\"15594\" src=\"https:\/\/www.ebg.de\/wp-content\/uploads\/2021\/11\/IMG_7852-1024x683.jpg\" alt=\"\" class=\"wp-image-15594\" srcset=\"https:\/\/www.ebg.de\/wp-content\/uploads\/2021\/11\/IMG_7852-1024x683.jpg 1024w, https:\/\/www.ebg.de\/wp-content\/uploads\/2021\/11\/IMG_7852-300x200.jpg 300w, https:\/\/www.ebg.de\/wp-content\/uploads\/2021\/11\/IMG_7852-768x512.jpg 768w, https:\/\/www.ebg.de\/wp-content\/uploads\/2021\/11\/IMG_7852-1536x1024.jpg 1536w, https:\/\/www.ebg.de\/wp-content\/uploads\/2021\/11\/IMG_7852-2048x1365.jpg 2048w, https:\/\/www.ebg.de\/wp-content\/uploads\/2021\/11\/IMG_7852-900x600.jpg 900w, https:\/\/www.ebg.de\/wp-content\/uploads\/2021\/11\/IMG_7852-1200x800.jpg 1200w\" sizes=\"auto, (max-width: 1024px) 100vw, 1024px\" \/><\/figure>\n\n\n\n<figure class=\"wp-block-image size-large\"><img loading=\"lazy\" decoding=\"async\" width=\"1024\" height=\"683\" data-id=\"15596\" src=\"https:\/\/www.ebg.de\/wp-content\/uploads\/2021\/11\/IMG_8054-1024x683.jpg\" alt=\"\" class=\"wp-image-15596\" srcset=\"https:\/\/www.ebg.de\/wp-content\/uploads\/2021\/11\/IMG_8054-1024x683.jpg 1024w, https:\/\/www.ebg.de\/wp-content\/uploads\/2021\/11\/IMG_8054-300x200.jpg 300w, https:\/\/www.ebg.de\/wp-content\/uploads\/2021\/11\/IMG_8054-768x512.jpg 768w, https:\/\/www.ebg.de\/wp-content\/uploads\/2021\/11\/IMG_8054-1536x1024.jpg 1536w, https:\/\/www.ebg.de\/wp-content\/uploads\/2021\/11\/IMG_8054-2048x1365.jpg 2048w, https:\/\/www.ebg.de\/wp-content\/uploads\/2021\/11\/IMG_8054-900x600.jpg 900w, https:\/\/www.ebg.de\/wp-content\/uploads\/2021\/11\/IMG_8054-1200x800.jpg 1200w\" sizes=\"auto, (max-width: 1024px) 100vw, 1024px\" \/><\/figure>\n\n\n\n<figure class=\"wp-block-image size-large\"><img loading=\"lazy\" decoding=\"async\" width=\"683\" height=\"1024\" data-id=\"15602\" src=\"https:\/\/www.ebg.de\/wp-content\/uploads\/2021\/11\/IMG_7967-683x1024.jpg\" alt=\"\" class=\"wp-image-15602\" srcset=\"https:\/\/www.ebg.de\/wp-content\/uploads\/2021\/11\/IMG_7967-683x1024.jpg 683w, https:\/\/www.ebg.de\/wp-content\/uploads\/2021\/11\/IMG_7967-200x300.jpg 200w, https:\/\/www.ebg.de\/wp-content\/uploads\/2021\/11\/IMG_7967-768x1152.jpg 768w, https:\/\/www.ebg.de\/wp-content\/uploads\/2021\/11\/IMG_7967-1024x1536.jpg 1024w, https:\/\/www.ebg.de\/wp-content\/uploads\/2021\/11\/IMG_7967-1365x2048.jpg 1365w, https:\/\/www.ebg.de\/wp-content\/uploads\/2021\/11\/IMG_7967-900x1350.jpg 900w, https:\/\/www.ebg.de\/wp-content\/uploads\/2021\/11\/IMG_7967-1200x1800.jpg 1200w, https:\/\/www.ebg.de\/wp-content\/uploads\/2021\/11\/IMG_7967-scaled.jpg 1707w\" sizes=\"auto, (max-width: 683px) 100vw, 683px\" \/><\/figure>\n<\/figure>\n\n\n\n<figure class=\"wp-block-gallery has-nested-images columns-default is-cropped wp-block-gallery-3 is-layout-flex wp-block-gallery-is-layout-flex\">\n<figure class=\"wp-block-image size-large\"><img loading=\"lazy\" decoding=\"async\" width=\"1024\" height=\"683\" data-id=\"15604\" src=\"https:\/\/www.ebg.de\/wp-content\/uploads\/2021\/11\/IMG_7729-1024x683.jpg\" alt=\"\" class=\"wp-image-15604\" srcset=\"https:\/\/www.ebg.de\/wp-content\/uploads\/2021\/11\/IMG_7729-1024x683.jpg 1024w, https:\/\/www.ebg.de\/wp-content\/uploads\/2021\/11\/IMG_7729-300x200.jpg 300w, https:\/\/www.ebg.de\/wp-content\/uploads\/2021\/11\/IMG_7729-768x512.jpg 768w, https:\/\/www.ebg.de\/wp-content\/uploads\/2021\/11\/IMG_7729-1536x1024.jpg 1536w, https:\/\/www.ebg.de\/wp-content\/uploads\/2021\/11\/IMG_7729-2048x1365.jpg 2048w, https:\/\/www.ebg.de\/wp-content\/uploads\/2021\/11\/IMG_7729-900x600.jpg 900w, https:\/\/www.ebg.de\/wp-content\/uploads\/2021\/11\/IMG_7729-1200x800.jpg 1200w\" sizes=\"auto, (max-width: 1024px) 100vw, 1024px\" \/><\/figure>\n\n\n\n<figure class=\"wp-block-image size-large\"><img loading=\"lazy\" decoding=\"async\" width=\"1024\" height=\"683\" data-id=\"15606\" src=\"https:\/\/www.ebg.de\/wp-content\/uploads\/2021\/11\/IMG_7677-1024x683.jpg\" alt=\"\" class=\"wp-image-15606\" srcset=\"https:\/\/www.ebg.de\/wp-content\/uploads\/2021\/11\/IMG_7677-1024x683.jpg 1024w, https:\/\/www.ebg.de\/wp-content\/uploads\/2021\/11\/IMG_7677-300x200.jpg 300w, https:\/\/www.ebg.de\/wp-content\/uploads\/2021\/11\/IMG_7677-768x512.jpg 768w, https:\/\/www.ebg.de\/wp-content\/uploads\/2021\/11\/IMG_7677-1536x1024.jpg 1536w, https:\/\/www.ebg.de\/wp-content\/uploads\/2021\/11\/IMG_7677-2048x1365.jpg 2048w, https:\/\/www.ebg.de\/wp-content\/uploads\/2021\/11\/IMG_7677-900x600.jpg 900w, https:\/\/www.ebg.de\/wp-content\/uploads\/2021\/11\/IMG_7677-1200x800.jpg 1200w\" sizes=\"auto, (max-width: 1024px) 100vw, 1024px\" \/><\/figure>\n\n\n\n<figure class=\"wp-block-image size-large\"><img loading=\"lazy\" decoding=\"async\" width=\"1024\" height=\"683\" data-id=\"15608\" src=\"https:\/\/www.ebg.de\/wp-content\/uploads\/2021\/11\/IMG_7697-1024x683.jpg\" alt=\"\" class=\"wp-image-15608\" srcset=\"https:\/\/www.ebg.de\/wp-content\/uploads\/2021\/11\/IMG_7697-1024x683.jpg 1024w, https:\/\/www.ebg.de\/wp-content\/uploads\/2021\/11\/IMG_7697-300x200.jpg 300w, https:\/\/www.ebg.de\/wp-content\/uploads\/2021\/11\/IMG_7697-768x512.jpg 768w, https:\/\/www.ebg.de\/wp-content\/uploads\/2021\/11\/IMG_7697-1536x1024.jpg 1536w, https:\/\/www.ebg.de\/wp-content\/uploads\/2021\/11\/IMG_7697-2048x1365.jpg 2048w, https:\/\/www.ebg.de\/wp-content\/uploads\/2021\/11\/IMG_7697-900x600.jpg 900w, https:\/\/www.ebg.de\/wp-content\/uploads\/2021\/11\/IMG_7697-1200x800.jpg 1200w\" sizes=\"auto, (max-width: 1024px) 100vw, 1024px\" \/><\/figure>\n\n\n\n<figure class=\"wp-block-image size-large\"><img loading=\"lazy\" decoding=\"async\" width=\"1024\" height=\"683\" data-id=\"15610\" src=\"https:\/\/www.ebg.de\/wp-content\/uploads\/2021\/11\/IMG_7707-1024x683.jpg\" alt=\"\" class=\"wp-image-15610\" srcset=\"https:\/\/www.ebg.de\/wp-content\/uploads\/2021\/11\/IMG_7707-1024x683.jpg 1024w, https:\/\/www.ebg.de\/wp-content\/uploads\/2021\/11\/IMG_7707-300x200.jpg 300w, https:\/\/www.ebg.de\/wp-content\/uploads\/2021\/11\/IMG_7707-768x512.jpg 768w, https:\/\/www.ebg.de\/wp-content\/uploads\/2021\/11\/IMG_7707-1536x1024.jpg 1536w, https:\/\/www.ebg.de\/wp-content\/uploads\/2021\/11\/IMG_7707-2048x1365.jpg 2048w, https:\/\/www.ebg.de\/wp-content\/uploads\/2021\/11\/IMG_7707-900x600.jpg 900w, https:\/\/www.ebg.de\/wp-content\/uploads\/2021\/11\/IMG_7707-1200x800.jpg 1200w\" sizes=\"auto, (max-width: 1024px) 100vw, 1024px\" \/><\/figure>\n\n\n\n<figure class=\"wp-block-image size-large\"><img loading=\"lazy\" decoding=\"async\" width=\"1024\" height=\"683\" data-id=\"15612\" src=\"https:\/\/www.ebg.de\/wp-content\/uploads\/2021\/11\/IMG_7720-1024x683.jpg\" alt=\"\" class=\"wp-image-15612\" srcset=\"https:\/\/www.ebg.de\/wp-content\/uploads\/2021\/11\/IMG_7720-1024x683.jpg 1024w, https:\/\/www.ebg.de\/wp-content\/uploads\/2021\/11\/IMG_7720-300x200.jpg 300w, https:\/\/www.ebg.de\/wp-content\/uploads\/2021\/11\/IMG_7720-768x512.jpg 768w, https:\/\/www.ebg.de\/wp-content\/uploads\/2021\/11\/IMG_7720-1536x1024.jpg 1536w, https:\/\/www.ebg.de\/wp-content\/uploads\/2021\/11\/IMG_7720-2048x1365.jpg 2048w, https:\/\/www.ebg.de\/wp-content\/uploads\/2021\/11\/IMG_7720-900x600.jpg 900w, https:\/\/www.ebg.de\/wp-content\/uploads\/2021\/11\/IMG_7720-1200x800.jpg 1200w\" sizes=\"auto, (max-width: 1024px) 100vw, 1024px\" \/><\/figure>\n<figcaption class=\"blocks-gallery-caption wp-element-caption\">Alle G\u00e4ste waren sichtlich erstaunt und beeindruckt vom Ausma\u00df des Gel\u00e4ndes sowie der Einrichtung und hochwertigen Ausstattung der Ausbildungsst\u00e4tten<\/figcaption><\/figure>\n\n\n\n<p><br><strong>Ein herzliches Dankesch\u00f6n im Namen der Gesch\u00e4ftsf\u00fchrung an die zahlreichen KollegInnen und MitarbeiterInnen sowie DozentInnen f\u00fcr Ihren flei\u00dfigen und engagierten Einsatz rund um und bei der Veranstaltung. Ein solch gelungener Tag w\u00e4re ohne Ihre Unterst\u00fctzung nicht m\u00f6glich gewesen!<\/strong><br><br><\/p>\n","protected":false},"excerpt":{"rendered":"<p>Nach der Neugestaltung und dem Umzug unseres Verbundausbildungszentrums er\u00f6ffneten wir am 03. November 2021 das neue Technikum des Europ\u00e4ischen Bildungswerkes f\u00fcr Beruf und Gesellschaft<\/p>\n","protected":false},"author":22,"featured_media":15612,"comment_status":"closed","ping_status":"closed","sticky":false,"template":"","format":"standard","meta":{"_acf_changed":false,"footnotes":""},"categories":[160],"tags":[],"class_list":["post-15573","post","type-post","status-publish","format-standard","has-post-thumbnail","hentry","category-technikum"],"acf":[],"yoast_head":"<!-- This site is optimized with the Yoast SEO plugin v26.9 - https:\/\/yoast.com\/product\/yoast-seo-wordpress\/ -->\n<title>Er\u00f6ffnung des Technikums Magdeburg - Europ\u00e4isches Bildungswerk f\u00fcr Beruf und Gesellschaft<\/title>\n<meta name=\"robots\" content=\"index, follow, max-snippet:-1, max-image-preview:large, max-video-preview:-1\" \/>\n<link rel=\"canonical\" href=\"https:\/\/www.ebg.de\/eroeffnung-des-technikums-magdeburg\/\" \/>\n<meta property=\"og:locale\" content=\"en_US\" \/>\n<meta property=\"og:type\" content=\"article\" \/>\n<meta property=\"og:title\" content=\"Er\u00f6ffnung des Technikums Magdeburg - Europ\u00e4isches Bildungswerk f\u00fcr Beruf und Gesellschaft\" \/>\n<meta property=\"og:description\" content=\"Nach der Neugestaltung und dem Umzug unseres Verbundausbildungszentrums er\u00f6ffneten wir am 03. November 2021 das neue Technikum des Europ\u00e4ischen Bildungswerkes f\u00fcr Beruf und Gesellschaft\" \/>\n<meta property=\"og:url\" content=\"https:\/\/www.ebg.de\/eroeffnung-des-technikums-magdeburg\/\" \/>\n<meta property=\"og:site_name\" content=\"Europ\u00e4isches Bildungswerk f\u00fcr Beruf und Gesellschaft\" \/>\n<meta property=\"article:published_time\" content=\"2021-11-10T08:00:47+00:00\" \/>\n<meta property=\"article:modified_time\" content=\"2023-02-02T14:27:30+00:00\" \/>\n<meta property=\"og:image\" content=\"https:\/\/www.ebg.de\/wp-content\/uploads\/2021\/11\/IMG_7720-scaled.jpg\" \/>\n\t<meta property=\"og:image:width\" content=\"2560\" \/>\n\t<meta property=\"og:image:height\" content=\"1707\" \/>\n\t<meta property=\"og:image:type\" content=\"image\/jpeg\" \/>\n<meta name=\"author\" content=\"Stephan Deubner\" \/>\n<meta name=\"twitter:card\" content=\"summary_large_image\" \/>\n<meta name=\"twitter:label1\" content=\"Written by\" \/>\n\t<meta name=\"twitter:data1\" content=\"Stephan Deubner\" \/>\n\t<meta name=\"twitter:label2\" content=\"Est. reading time\" \/>\n\t<meta name=\"twitter:data2\" content=\"4 minutes\" \/>\n<!-- \/ Yoast SEO plugin. -->","yoast_head_json":{"title":"Er\u00f6ffnung des Technikums Magdeburg - Europ\u00e4isches Bildungswerk f\u00fcr Beruf und Gesellschaft","robots":{"index":"index","follow":"follow","max-snippet":"max-snippet:-1","max-image-preview":"max-image-preview:large","max-video-preview":"max-video-preview:-1"},"canonical":"https:\/\/www.ebg.de\/eroeffnung-des-technikums-magdeburg\/","og_locale":"en_US","og_type":"article","og_title":"Er\u00f6ffnung des Technikums Magdeburg - Europ\u00e4isches Bildungswerk f\u00fcr Beruf und Gesellschaft","og_description":"Nach der Neugestaltung und dem Umzug unseres Verbundausbildungszentrums er\u00f6ffneten wir am 03. November 2021 das neue Technikum des Europ\u00e4ischen Bildungswerkes f\u00fcr Beruf und Gesellschaft","og_url":"https:\/\/www.ebg.de\/eroeffnung-des-technikums-magdeburg\/","og_site_name":"Europ\u00e4isches Bildungswerk f\u00fcr Beruf und Gesellschaft","article_published_time":"2021-11-10T08:00:47+00:00","article_modified_time":"2023-02-02T14:27:30+00:00","og_image":[{"width":2560,"height":1707,"url":"https:\/\/www.ebg.de\/wp-content\/uploads\/2021\/11\/IMG_7720-scaled.jpg","type":"image\/jpeg"}],"author":"Stephan Deubner","twitter_card":"summary_large_image","twitter_misc":{"Written by":"Stephan Deubner","Est. reading time":"4 minutes"},"schema":{"@context":"https:\/\/schema.org","@graph":[{"@type":"Article","@id":"https:\/\/www.ebg.de\/eroeffnung-des-technikums-magdeburg\/#article","isPartOf":{"@id":"https:\/\/www.ebg.de\/eroeffnung-des-technikums-magdeburg\/"},"author":{"name":"Stephan Deubner","@id":"https:\/\/www.ebg.de\/#\/schema\/person\/af645ea1741029d9a44ae532ceb268bc"},"headline":"Er\u00f6ffnung des Technikums Magdeburg","datePublished":"2021-11-10T08:00:47+00:00","dateModified":"2023-02-02T14:27:30+00:00","mainEntityOfPage":{"@id":"https:\/\/www.ebg.de\/eroeffnung-des-technikums-magdeburg\/"},"wordCount":196,"image":{"@id":"https:\/\/www.ebg.de\/eroeffnung-des-technikums-magdeburg\/#primaryimage"},"thumbnailUrl":"https:\/\/www.ebg.de\/wp-content\/uploads\/2021\/11\/IMG_7720-scaled.jpg","articleSection":["Technikum"],"inLanguage":"en-US"},{"@type":"WebPage","@id":"https:\/\/www.ebg.de\/eroeffnung-des-technikums-magdeburg\/","url":"https:\/\/www.ebg.de\/eroeffnung-des-technikums-magdeburg\/","name":"Er\u00f6ffnung des Technikums Magdeburg - Europ\u00e4isches Bildungswerk f\u00fcr Beruf und Gesellschaft","isPartOf":{"@id":"https:\/\/www.ebg.de\/#website"},"primaryImageOfPage":{"@id":"https:\/\/www.ebg.de\/eroeffnung-des-technikums-magdeburg\/#primaryimage"},"image":{"@id":"https:\/\/www.ebg.de\/eroeffnung-des-technikums-magdeburg\/#primaryimage"},"thumbnailUrl":"https:\/\/www.ebg.de\/wp-content\/uploads\/2021\/11\/IMG_7720-scaled.jpg","datePublished":"2021-11-10T08:00:47+00:00","dateModified":"2023-02-02T14:27:30+00:00","author":{"@id":"https:\/\/www.ebg.de\/#\/schema\/person\/af645ea1741029d9a44ae532ceb268bc"},"breadcrumb":{"@id":"https:\/\/www.ebg.de\/eroeffnung-des-technikums-magdeburg\/#breadcrumb"},"inLanguage":"en-US","potentialAction":[{"@type":"ReadAction","target":["https:\/\/www.ebg.de\/eroeffnung-des-technikums-magdeburg\/"]}]},{"@type":"ImageObject","inLanguage":"en-US","@id":"https:\/\/www.ebg.de\/eroeffnung-des-technikums-magdeburg\/#primaryimage","url":"https:\/\/www.ebg.de\/wp-content\/uploads\/2021\/11\/IMG_7720-scaled.jpg","contentUrl":"https:\/\/www.ebg.de\/wp-content\/uploads\/2021\/11\/IMG_7720-scaled.jpg","width":2560,"height":1707,"caption":"Europ\u00e4isches Bi9ldungswerk f\u00fcr Beruf und Gesellschaft, Er\u00f6ffnung Technikum, Gesch\u00e4ftsf\u00fchrer T. Reichelt und zwei weitere G\u00e4ste"},{"@type":"BreadcrumbList","@id":"https:\/\/www.ebg.de\/eroeffnung-des-technikums-magdeburg\/#breadcrumb","itemListElement":[{"@type":"ListItem","position":1,"name":"Startseite","item":"https:\/\/www.ebg.de\/"},{"@type":"ListItem","position":2,"name":"Er\u00f6ffnung des Technikums Magdeburg"}]},{"@type":"WebSite","@id":"https:\/\/www.ebg.de\/#website","url":"https:\/\/www.ebg.de\/","name":"Europ\u00e4isches Bildungswerk f\u00fcr Beruf und Gesellschaft","description":"Bildung, Ausbildung und Weiterbildung","potentialAction":[{"@type":"SearchAction","target":{"@type":"EntryPoint","urlTemplate":"https:\/\/www.ebg.de\/?s={search_term_string}"},"query-input":{"@type":"PropertyValueSpecification","valueRequired":true,"valueName":"search_term_string"}}],"inLanguage":"en-US"},{"@type":"Person","@id":"https:\/\/www.ebg.de\/#\/schema\/person\/af645ea1741029d9a44ae532ceb268bc","name":"Stephan Deubner","image":{"@type":"ImageObject","inLanguage":"en-US","@id":"https:\/\/www.ebg.de\/#\/schema\/person\/image\/","url":"https:\/\/secure.gravatar.com\/avatar\/35731f6a08afa0518c45f153077f6135c0f41aa2ae0b76e850ef9508976a7bbe?s=96&d=mm&r=g","contentUrl":"https:\/\/secure.gravatar.com\/avatar\/35731f6a08afa0518c45f153077f6135c0f41aa2ae0b76e850ef9508976a7bbe?s=96&d=mm&r=g","caption":"Stephan Deubner"},"url":"https:\/\/www.ebg.de\/en\/author\/sdeubner\/"}]}},"_links":{"self":[{"href":"https:\/\/www.ebg.de\/en\/wp-json\/wp\/v2\/posts\/15573","targetHints":{"allow":["GET"]}}],"collection":[{"href":"https:\/\/www.ebg.de\/en\/wp-json\/wp\/v2\/posts"}],"about":[{"href":"https:\/\/www.ebg.de\/en\/wp-json\/wp\/v2\/types\/post"}],"author":[{"embeddable":true,"href":"https:\/\/www.ebg.de\/en\/wp-json\/wp\/v2\/users\/22"}],"replies":[{"embeddable":true,"href":"https:\/\/www.ebg.de\/en\/wp-json\/wp\/v2\/comments?post=15573"}],"version-history":[{"count":9,"href":"https:\/\/www.ebg.de\/en\/wp-json\/wp\/v2\/posts\/15573\/revisions"}],"predecessor-version":[{"id":26709,"href":"https:\/\/www.ebg.de\/en\/wp-json\/wp\/v2\/posts\/15573\/revisions\/26709"}],"wp:featuredmedia":[{"embeddable":true,"href":"https:\/\/www.ebg.de\/en\/wp-json\/wp\/v2\/media\/15612"}],"wp:attachment":[{"href":"https:\/\/www.ebg.de\/en\/wp-json\/wp\/v2\/media?parent=15573"}],"wp:term":[{"taxonomy":"category","embeddable":true,"href":"https:\/\/www.ebg.de\/en\/wp-json\/wp\/v2\/categories?post=15573"},{"taxonomy":"post_tag","embeddable":true,"href":"https:\/\/www.ebg.de\/en\/wp-json\/wp\/v2\/tags?post=15573"}],"curies":[{"name":"wp","href":"https:\/\/api.w.org\/{rel}","templated":true}]}}