{"id":15140,"date":"2021-10-19T14:05:21","date_gmt":"2021-10-19T12:05:21","guid":{"rendered":"https:\/\/www.ebg.de\/?p=15140"},"modified":"2021-10-19T14:05:21","modified_gmt":"2021-10-19T12:05:21","slug":"ex-ante-veroeffentlichung-2","status":"publish","type":"post","link":"https:\/\/www.ebg.de\/en\/ex-ante-veroeffentlichung-2\/","title":{"rendered":"Ex ante Ver\u00f6ffentlichung"},"content":{"rendered":"\n<p>Das Europ\u00e4ische Bildungswerk plant die Beschaffung von 98 mobilen Endger\u00e4ten f\u00fcr Lehrkr\u00e4fte f\u00fcr seine Schulstandorte in Sachsen-Anhalt. Diese werden aus Mitteln der 3. Zusatzvereinbarung zum DigitalPakt Schule 2019 bis 2024 \u201eLeihger\u00e4te f\u00fcr Lehrkr\u00e4fte\u201c des Ministeriums f\u00fcr Bildung und Forschung finanziert.<\/p>\n\n\n\n<p>VO: UVgO&nbsp;<\/p>\n\n\n\n<p>Zeitraum: Oktober\/November 2021<\/p>\n\n\n\n<p>Ausschreibende Stelle:<\/p>\n\n\n\n<p>Europ\u00e4isches Bildungswerk f\u00fcr Beruf und Gesellschaft gGmbH<\/p>\n\n\n\n<p>Hegelstra\u00dfe 2<\/p>\n\n\n\n<p>39104 Magdeburg<\/p>\n\n\n\n<p>Ansprechpartner: Frau Stefanie Karbe<\/p>\n\n\n\n<p>Tel. 0391 5975820<\/p>\n\n\n\n<p>Mail.&nbsp;<a href=\"mailto:s.karbe@ebg.de\">s.karbe@ebg.de<\/a><\/p>\n\n\n\n<p>Haupterf\u00fcllungsort:<\/p>\n\n\n\n<p>Fach- und Berufsfachschulzentrum Magdeburg&nbsp;<\/p>\n\n\n\n<p>Maxim-Gorki-Stra\u00dfe 14<\/p>\n\n\n\n<p>39108 Magdeburg<\/p>\n","protected":false},"excerpt":{"rendered":"<p>Das Europ\u00e4ische Bildungswerk plant die Beschaffung von 98 mobilen Endger\u00e4ten f\u00fcr Lehrkr\u00e4fte<\/p>\n","protected":false},"author":2,"featured_media":15142,"comment_status":"closed","ping_status":"closed","sticky":false,"template":"","format":"standard","meta":{"_acf_changed":false,"footnotes":""},"categories":[19],"tags":[],"class_list":["post-15140","post","type-post","status-publish","format-standard","has-post-thumbnail","hentry","category-news-magdeburg-schulen"],"acf":[],"yoast_head":"<!-- This site is optimized with the Yoast SEO plugin v26.9 - https:\/\/yoast.com\/product\/yoast-seo-wordpress\/ -->\n<title>Ex ante Ver\u00f6ffentlichung - Europ\u00e4isches Bildungswerk f\u00fcr Beruf und Gesellschaft<\/title>\n<meta name=\"robots\" content=\"index, follow, max-snippet:-1, max-image-preview:large, max-video-preview:-1\" \/>\n<link rel=\"canonical\" href=\"https:\/\/www.ebg.de\/ex-ante-veroeffentlichung-2\/\" \/>\n<meta property=\"og:locale\" content=\"en_US\" \/>\n<meta property=\"og:type\" content=\"article\" \/>\n<meta property=\"og:title\" content=\"Ex ante Ver\u00f6ffentlichung - Europ\u00e4isches Bildungswerk f\u00fcr Beruf und Gesellschaft\" \/>\n<meta property=\"og:description\" content=\"Das Europ\u00e4ische Bildungswerk plant die Beschaffung von 98 mobilen Endger\u00e4ten f\u00fcr Lehrkr\u00e4fte\" \/>\n<meta property=\"og:url\" content=\"https:\/\/www.ebg.de\/ex-ante-veroeffentlichung-2\/\" \/>\n<meta property=\"og:site_name\" content=\"Europ\u00e4isches Bildungswerk f\u00fcr Beruf und Gesellschaft\" \/>\n<meta property=\"article:published_time\" content=\"2021-10-19T12:05:21+00:00\" \/>\n<meta property=\"og:image\" content=\"https:\/\/www.ebg.de\/wp-content\/uploads\/2021\/10\/Gefo\u0308rdert-vom-BMBF_deutsch.jpg\" \/>\n\t<meta property=\"og:image:width\" content=\"881\" \/>\n\t<meta property=\"og:image:height\" content=\"625\" \/>\n\t<meta property=\"og:image:type\" content=\"image\/jpeg\" \/>\n<meta name=\"author\" content=\"Carla R\u00f6blitz\" \/>\n<meta name=\"twitter:card\" content=\"summary_large_image\" \/>\n<meta name=\"twitter:label1\" content=\"Written by\" \/>\n\t<meta name=\"twitter:data1\" content=\"Carla R\u00f6blitz\" \/>\n<!-- \/ Yoast SEO plugin. -->","yoast_head_json":{"title":"Ex ante Ver\u00f6ffentlichung - Europ\u00e4isches Bildungswerk f\u00fcr Beruf und Gesellschaft","robots":{"index":"index","follow":"follow","max-snippet":"max-snippet:-1","max-image-preview":"max-image-preview:large","max-video-preview":"max-video-preview:-1"},"canonical":"https:\/\/www.ebg.de\/ex-ante-veroeffentlichung-2\/","og_locale":"en_US","og_type":"article","og_title":"Ex ante Ver\u00f6ffentlichung - Europ\u00e4isches Bildungswerk f\u00fcr Beruf und Gesellschaft","og_description":"Das Europ\u00e4ische Bildungswerk plant die Beschaffung von 98 mobilen Endger\u00e4ten f\u00fcr Lehrkr\u00e4fte","og_url":"https:\/\/www.ebg.de\/ex-ante-veroeffentlichung-2\/","og_site_name":"Europ\u00e4isches Bildungswerk f\u00fcr Beruf und Gesellschaft","article_published_time":"2021-10-19T12:05:21+00:00","og_image":[{"width":881,"height":625,"url":"https:\/\/www.ebg.de\/wp-content\/uploads\/2021\/10\/Gefo\u0308rdert-vom-BMBF_deutsch.jpg","type":"image\/jpeg"}],"author":"Carla R\u00f6blitz","twitter_card":"summary_large_image","twitter_misc":{"Written by":"Carla R\u00f6blitz"},"schema":{"@context":"https:\/\/schema.org","@graph":[{"@type":"Article","@id":"https:\/\/www.ebg.de\/ex-ante-veroeffentlichung-2\/#article","isPartOf":{"@id":"https:\/\/www.ebg.de\/ex-ante-veroeffentlichung-2\/"},"author":{"name":"Carla R\u00f6blitz","@id":"https:\/\/www.ebg.de\/#\/schema\/person\/6194a3051c516578ca559a6b15ac8fd8"},"headline":"Ex ante Ver\u00f6ffentlichung","datePublished":"2021-10-19T12:05:21+00:00","mainEntityOfPage":{"@id":"https:\/\/www.ebg.de\/ex-ante-veroeffentlichung-2\/"},"wordCount":90,"image":{"@id":"https:\/\/www.ebg.de\/ex-ante-veroeffentlichung-2\/#primaryimage"},"thumbnailUrl":"https:\/\/www.ebg.de\/wp-content\/uploads\/2021\/10\/Gefo\u0308rdert-vom-BMBF_deutsch.jpg","articleSection":["News - Magdeburg Schulen"],"inLanguage":"en-US"},{"@type":"WebPage","@id":"https:\/\/www.ebg.de\/ex-ante-veroeffentlichung-2\/","url":"https:\/\/www.ebg.de\/ex-ante-veroeffentlichung-2\/","name":"Ex ante Ver\u00f6ffentlichung - Europ\u00e4isches Bildungswerk f\u00fcr Beruf und Gesellschaft","isPartOf":{"@id":"https:\/\/www.ebg.de\/#website"},"primaryImageOfPage":{"@id":"https:\/\/www.ebg.de\/ex-ante-veroeffentlichung-2\/#primaryimage"},"image":{"@id":"https:\/\/www.ebg.de\/ex-ante-veroeffentlichung-2\/#primaryimage"},"thumbnailUrl":"https:\/\/www.ebg.de\/wp-content\/uploads\/2021\/10\/Gefo\u0308rdert-vom-BMBF_deutsch.jpg","datePublished":"2021-10-19T12:05:21+00:00","author":{"@id":"https:\/\/www.ebg.de\/#\/schema\/person\/6194a3051c516578ca559a6b15ac8fd8"},"breadcrumb":{"@id":"https:\/\/www.ebg.de\/ex-ante-veroeffentlichung-2\/#breadcrumb"},"inLanguage":"en-US","potentialAction":[{"@type":"ReadAction","target":["https:\/\/www.ebg.de\/ex-ante-veroeffentlichung-2\/"]}]},{"@type":"ImageObject","inLanguage":"en-US","@id":"https:\/\/www.ebg.de\/ex-ante-veroeffentlichung-2\/#primaryimage","url":"https:\/\/www.ebg.de\/wp-content\/uploads\/2021\/10\/Gefo\u0308rdert-vom-BMBF_deutsch.jpg","contentUrl":"https:\/\/www.ebg.de\/wp-content\/uploads\/2021\/10\/Gefo\u0308rdert-vom-BMBF_deutsch.jpg","width":881,"height":625},{"@type":"BreadcrumbList","@id":"https:\/\/www.ebg.de\/ex-ante-veroeffentlichung-2\/#breadcrumb","itemListElement":[{"@type":"ListItem","position":1,"name":"Startseite","item":"https:\/\/www.ebg.de\/"},{"@type":"ListItem","position":2,"name":"Ex ante Ver\u00f6ffentlichung"}]},{"@type":"WebSite","@id":"https:\/\/www.ebg.de\/#website","url":"https:\/\/www.ebg.de\/","name":"Europ\u00e4isches Bildungswerk f\u00fcr Beruf und Gesellschaft","description":"Bildung, Ausbildung und Weiterbildung","potentialAction":[{"@type":"SearchAction","target":{"@type":"EntryPoint","urlTemplate":"https:\/\/www.ebg.de\/?s={search_term_string}"},"query-input":{"@type":"PropertyValueSpecification","valueRequired":true,"valueName":"search_term_string"}}],"inLanguage":"en-US"},{"@type":"Person","@id":"https:\/\/www.ebg.de\/#\/schema\/person\/6194a3051c516578ca559a6b15ac8fd8","name":"Carla R\u00f6blitz","image":{"@type":"ImageObject","inLanguage":"en-US","@id":"https:\/\/www.ebg.de\/#\/schema\/person\/image\/","url":"https:\/\/secure.gravatar.com\/avatar\/a857149204a48781b4d141524fc4cbc60c48bb5682271a5e2762174f7ac85a2d?s=96&d=mm&r=g","contentUrl":"https:\/\/secure.gravatar.com\/avatar\/a857149204a48781b4d141524fc4cbc60c48bb5682271a5e2762174f7ac85a2d?s=96&d=mm&r=g","caption":"Carla R\u00f6blitz"},"url":"https:\/\/www.ebg.de\/en\/author\/croeblitz\/"}]}},"_links":{"self":[{"href":"https:\/\/www.ebg.de\/en\/wp-json\/wp\/v2\/posts\/15140","targetHints":{"allow":["GET"]}}],"collection":[{"href":"https:\/\/www.ebg.de\/en\/wp-json\/wp\/v2\/posts"}],"about":[{"href":"https:\/\/www.ebg.de\/en\/wp-json\/wp\/v2\/types\/post"}],"author":[{"embeddable":true,"href":"https:\/\/www.ebg.de\/en\/wp-json\/wp\/v2\/users\/2"}],"replies":[{"embeddable":true,"href":"https:\/\/www.ebg.de\/en\/wp-json\/wp\/v2\/comments?post=15140"}],"version-history":[{"count":1,"href":"https:\/\/www.ebg.de\/en\/wp-json\/wp\/v2\/posts\/15140\/revisions"}],"predecessor-version":[{"id":15141,"href":"https:\/\/www.ebg.de\/en\/wp-json\/wp\/v2\/posts\/15140\/revisions\/15141"}],"wp:featuredmedia":[{"embeddable":true,"href":"https:\/\/www.ebg.de\/en\/wp-json\/wp\/v2\/media\/15142"}],"wp:attachment":[{"href":"https:\/\/www.ebg.de\/en\/wp-json\/wp\/v2\/media?parent=15140"}],"wp:term":[{"taxonomy":"category","embeddable":true,"href":"https:\/\/www.ebg.de\/en\/wp-json\/wp\/v2\/categories?post=15140"},{"taxonomy":"post_tag","embeddable":true,"href":"https:\/\/www.ebg.de\/en\/wp-json\/wp\/v2\/tags?post=15140"}],"curies":[{"name":"wp","href":"https:\/\/api.w.org\/{rel}","templated":true}]}}