{"id":14626,"date":"2021-09-28T11:32:32","date_gmt":"2021-09-28T09:32:32","guid":{"rendered":"https:\/\/www.ebg.de\/?p=14626"},"modified":"2021-09-28T11:32:33","modified_gmt":"2021-09-28T09:32:33","slug":"bilder-von-den-maerchentagen-erz-hep-2020","status":"publish","type":"post","link":"https:\/\/www.ebg.de\/en\/bilder-von-den-maerchentagen-erz-hep-2020\/","title":{"rendered":"Bilder von den M\u00e4rchentagen ERZ-HEP 2020"},"content":{"rendered":"\n<div class=\"wp-block-image\"><figure class=\"aligncenter size-large\"><img loading=\"lazy\" decoding=\"async\" width=\"378\" height=\"504\" src=\"https:\/\/www.ebg.de\/wp-content\/uploads\/2021\/09\/Waeren-Bilder-von-den-Maerchentagen-ERZ-HEP-2020_4.jpg\" alt=\"\" class=\"wp-image-14624\" srcset=\"https:\/\/www.ebg.de\/wp-content\/uploads\/2021\/09\/Waeren-Bilder-von-den-Maerchentagen-ERZ-HEP-2020_4.jpg 378w, https:\/\/www.ebg.de\/wp-content\/uploads\/2021\/09\/Waeren-Bilder-von-den-Maerchentagen-ERZ-HEP-2020_4-225x300.jpg 225w\" sizes=\"auto, (max-width: 378px) 100vw, 378px\" \/><\/figure><\/div>\n\n\n\n<div class=\"wp-block-image\"><figure class=\"aligncenter size-large\"><img loading=\"lazy\" decoding=\"async\" width=\"378\" height=\"504\" src=\"https:\/\/www.ebg.de\/wp-content\/uploads\/2021\/09\/Waeren-Bilder-von-den-Maerchentagen-ERZ-HEP-2020_3.jpg\" alt=\"\" class=\"wp-image-14622\" srcset=\"https:\/\/www.ebg.de\/wp-content\/uploads\/2021\/09\/Waeren-Bilder-von-den-Maerchentagen-ERZ-HEP-2020_3.jpg 378w, https:\/\/www.ebg.de\/wp-content\/uploads\/2021\/09\/Waeren-Bilder-von-den-Maerchentagen-ERZ-HEP-2020_3-225x300.jpg 225w\" sizes=\"auto, (max-width: 378px) 100vw, 378px\" \/><\/figure><\/div>\n\n\n\n<div class=\"wp-block-image\"><figure class=\"aligncenter size-large\"><img loading=\"lazy\" decoding=\"async\" width=\"378\" height=\"504\" src=\"https:\/\/www.ebg.de\/wp-content\/uploads\/2021\/09\/Waeren-Bilder-von-den-Maerchentagen-ERZ-HEP-2020_1.jpg\" alt=\"\" class=\"wp-image-14618\" srcset=\"https:\/\/www.ebg.de\/wp-content\/uploads\/2021\/09\/Waeren-Bilder-von-den-Maerchentagen-ERZ-HEP-2020_1.jpg 378w, https:\/\/www.ebg.de\/wp-content\/uploads\/2021\/09\/Waeren-Bilder-von-den-Maerchentagen-ERZ-HEP-2020_1-225x300.jpg 225w\" sizes=\"auto, (max-width: 378px) 100vw, 378px\" \/><\/figure><\/div>\n","protected":false},"excerpt":{"rendered":"","protected":false},"author":15,"featured_media":14620,"comment_status":"closed","ping_status":"closed","sticky":false,"template":"","format":"standard","meta":{"_acf_changed":false,"footnotes":""},"categories":[26],"tags":[],"class_list":["post-14626","post","type-post","status-publish","format-standard","has-post-thumbnail","hentry","category-news-brandenburg-schulen"],"acf":[],"yoast_head":"<!-- This site is optimized with the Yoast SEO plugin v26.9 - https:\/\/yoast.com\/product\/yoast-seo-wordpress\/ -->\n<title>Bilder von den M\u00e4rchentagen ERZ-HEP 2020 - Europ\u00e4isches Bildungswerk f\u00fcr Beruf und Gesellschaft<\/title>\n<meta name=\"robots\" content=\"index, follow, max-snippet:-1, max-image-preview:large, max-video-preview:-1\" \/>\n<link rel=\"canonical\" href=\"https:\/\/www.ebg.de\/bilder-von-den-maerchentagen-erz-hep-2020\/\" \/>\n<meta property=\"og:locale\" content=\"en_US\" \/>\n<meta property=\"og:type\" content=\"article\" \/>\n<meta property=\"og:title\" content=\"Bilder von den M\u00e4rchentagen ERZ-HEP 2020 - Europ\u00e4isches Bildungswerk f\u00fcr Beruf und Gesellschaft\" \/>\n<meta property=\"og:url\" content=\"https:\/\/www.ebg.de\/bilder-von-den-maerchentagen-erz-hep-2020\/\" \/>\n<meta property=\"og:site_name\" content=\"Europ\u00e4isches Bildungswerk f\u00fcr Beruf und Gesellschaft\" \/>\n<meta property=\"article:published_time\" content=\"2021-09-28T09:32:32+00:00\" \/>\n<meta property=\"article:modified_time\" content=\"2021-09-28T09:32:33+00:00\" \/>\n<meta property=\"og:image\" content=\"https:\/\/www.ebg.de\/wp-content\/uploads\/2021\/09\/Waeren-Bilder-von-den-Maerchentagen-ERZ-HEP-2020_2.jpg\" \/>\n\t<meta property=\"og:image:width\" content=\"378\" \/>\n\t<meta property=\"og:image:height\" content=\"504\" \/>\n\t<meta property=\"og:image:type\" content=\"image\/jpeg\" \/>\n<meta name=\"author\" content=\"Ina Schubert\" \/>\n<meta name=\"twitter:card\" content=\"summary_large_image\" \/>\n<meta name=\"twitter:label1\" content=\"Written by\" \/>\n\t<meta name=\"twitter:data1\" content=\"Ina Schubert\" \/>\n<!-- \/ Yoast SEO plugin. -->","yoast_head_json":{"title":"Bilder von den M\u00e4rchentagen ERZ-HEP 2020 - Europ\u00e4isches Bildungswerk f\u00fcr Beruf und Gesellschaft","robots":{"index":"index","follow":"follow","max-snippet":"max-snippet:-1","max-image-preview":"max-image-preview:large","max-video-preview":"max-video-preview:-1"},"canonical":"https:\/\/www.ebg.de\/bilder-von-den-maerchentagen-erz-hep-2020\/","og_locale":"en_US","og_type":"article","og_title":"Bilder von den M\u00e4rchentagen ERZ-HEP 2020 - Europ\u00e4isches Bildungswerk f\u00fcr Beruf und Gesellschaft","og_url":"https:\/\/www.ebg.de\/bilder-von-den-maerchentagen-erz-hep-2020\/","og_site_name":"Europ\u00e4isches Bildungswerk f\u00fcr Beruf und Gesellschaft","article_published_time":"2021-09-28T09:32:32+00:00","article_modified_time":"2021-09-28T09:32:33+00:00","og_image":[{"width":378,"height":504,"url":"https:\/\/www.ebg.de\/wp-content\/uploads\/2021\/09\/Waeren-Bilder-von-den-Maerchentagen-ERZ-HEP-2020_2.jpg","type":"image\/jpeg"}],"author":"Ina Schubert","twitter_card":"summary_large_image","twitter_misc":{"Written by":"Ina Schubert"},"schema":{"@context":"https:\/\/schema.org","@graph":[{"@type":"Article","@id":"https:\/\/www.ebg.de\/bilder-von-den-maerchentagen-erz-hep-2020\/#article","isPartOf":{"@id":"https:\/\/www.ebg.de\/bilder-von-den-maerchentagen-erz-hep-2020\/"},"author":{"name":"Ina Schubert","@id":"https:\/\/www.ebg.de\/#\/schema\/person\/00edc5d5868606a12c2f5e12ba5a0277"},"headline":"Bilder von den M\u00e4rchentagen ERZ-HEP 2020","datePublished":"2021-09-28T09:32:32+00:00","dateModified":"2021-09-28T09:32:33+00:00","mainEntityOfPage":{"@id":"https:\/\/www.ebg.de\/bilder-von-den-maerchentagen-erz-hep-2020\/"},"wordCount":6,"image":{"@id":"https:\/\/www.ebg.de\/bilder-von-den-maerchentagen-erz-hep-2020\/#primaryimage"},"thumbnailUrl":"https:\/\/www.ebg.de\/wp-content\/uploads\/2021\/09\/Waeren-Bilder-von-den-Maerchentagen-ERZ-HEP-2020_2.jpg","articleSection":["News - Brandenburg Schulen"],"inLanguage":"en-US"},{"@type":"WebPage","@id":"https:\/\/www.ebg.de\/bilder-von-den-maerchentagen-erz-hep-2020\/","url":"https:\/\/www.ebg.de\/bilder-von-den-maerchentagen-erz-hep-2020\/","name":"Bilder von den M\u00e4rchentagen ERZ-HEP 2020 - Europ\u00e4isches Bildungswerk f\u00fcr Beruf und Gesellschaft","isPartOf":{"@id":"https:\/\/www.ebg.de\/#website"},"primaryImageOfPage":{"@id":"https:\/\/www.ebg.de\/bilder-von-den-maerchentagen-erz-hep-2020\/#primaryimage"},"image":{"@id":"https:\/\/www.ebg.de\/bilder-von-den-maerchentagen-erz-hep-2020\/#primaryimage"},"thumbnailUrl":"https:\/\/www.ebg.de\/wp-content\/uploads\/2021\/09\/Waeren-Bilder-von-den-Maerchentagen-ERZ-HEP-2020_2.jpg","datePublished":"2021-09-28T09:32:32+00:00","dateModified":"2021-09-28T09:32:33+00:00","author":{"@id":"https:\/\/www.ebg.de\/#\/schema\/person\/00edc5d5868606a12c2f5e12ba5a0277"},"breadcrumb":{"@id":"https:\/\/www.ebg.de\/bilder-von-den-maerchentagen-erz-hep-2020\/#breadcrumb"},"inLanguage":"en-US","potentialAction":[{"@type":"ReadAction","target":["https:\/\/www.ebg.de\/bilder-von-den-maerchentagen-erz-hep-2020\/"]}]},{"@type":"ImageObject","inLanguage":"en-US","@id":"https:\/\/www.ebg.de\/bilder-von-den-maerchentagen-erz-hep-2020\/#primaryimage","url":"https:\/\/www.ebg.de\/wp-content\/uploads\/2021\/09\/Waeren-Bilder-von-den-Maerchentagen-ERZ-HEP-2020_2.jpg","contentUrl":"https:\/\/www.ebg.de\/wp-content\/uploads\/2021\/09\/Waeren-Bilder-von-den-Maerchentagen-ERZ-HEP-2020_2.jpg","width":378,"height":504},{"@type":"BreadcrumbList","@id":"https:\/\/www.ebg.de\/bilder-von-den-maerchentagen-erz-hep-2020\/#breadcrumb","itemListElement":[{"@type":"ListItem","position":1,"name":"Startseite","item":"https:\/\/www.ebg.de\/"},{"@type":"ListItem","position":2,"name":"Bilder von den M\u00e4rchentagen ERZ-HEP 2020"}]},{"@type":"WebSite","@id":"https:\/\/www.ebg.de\/#website","url":"https:\/\/www.ebg.de\/","name":"Europ\u00e4isches Bildungswerk f\u00fcr Beruf und Gesellschaft","description":"Bildung, Ausbildung und Weiterbildung","potentialAction":[{"@type":"SearchAction","target":{"@type":"EntryPoint","urlTemplate":"https:\/\/www.ebg.de\/?s={search_term_string}"},"query-input":{"@type":"PropertyValueSpecification","valueRequired":true,"valueName":"search_term_string"}}],"inLanguage":"en-US"},{"@type":"Person","@id":"https:\/\/www.ebg.de\/#\/schema\/person\/00edc5d5868606a12c2f5e12ba5a0277","name":"Ina Schubert","image":{"@type":"ImageObject","inLanguage":"en-US","@id":"https:\/\/www.ebg.de\/#\/schema\/person\/image\/","url":"https:\/\/secure.gravatar.com\/avatar\/711e362b576ac547782ca793fe3330d5c37b80c32dfb390f08ca496d6cfc1ca0?s=96&d=mm&r=g","contentUrl":"https:\/\/secure.gravatar.com\/avatar\/711e362b576ac547782ca793fe3330d5c37b80c32dfb390f08ca496d6cfc1ca0?s=96&d=mm&r=g","caption":"Ina Schubert"},"url":"https:\/\/www.ebg.de\/en\/author\/fsbrandenburg\/"}]}},"_links":{"self":[{"href":"https:\/\/www.ebg.de\/en\/wp-json\/wp\/v2\/posts\/14626","targetHints":{"allow":["GET"]}}],"collection":[{"href":"https:\/\/www.ebg.de\/en\/wp-json\/wp\/v2\/posts"}],"about":[{"href":"https:\/\/www.ebg.de\/en\/wp-json\/wp\/v2\/types\/post"}],"author":[{"embeddable":true,"href":"https:\/\/www.ebg.de\/en\/wp-json\/wp\/v2\/users\/15"}],"replies":[{"embeddable":true,"href":"https:\/\/www.ebg.de\/en\/wp-json\/wp\/v2\/comments?post=14626"}],"version-history":[{"count":1,"href":"https:\/\/www.ebg.de\/en\/wp-json\/wp\/v2\/posts\/14626\/revisions"}],"predecessor-version":[{"id":14627,"href":"https:\/\/www.ebg.de\/en\/wp-json\/wp\/v2\/posts\/14626\/revisions\/14627"}],"wp:featuredmedia":[{"embeddable":true,"href":"https:\/\/www.ebg.de\/en\/wp-json\/wp\/v2\/media\/14620"}],"wp:attachment":[{"href":"https:\/\/www.ebg.de\/en\/wp-json\/wp\/v2\/media?parent=14626"}],"wp:term":[{"taxonomy":"category","embeddable":true,"href":"https:\/\/www.ebg.de\/en\/wp-json\/wp\/v2\/categories?post=14626"},{"taxonomy":"post_tag","embeddable":true,"href":"https:\/\/www.ebg.de\/en\/wp-json\/wp\/v2\/tags?post=14626"}],"curies":[{"name":"wp","href":"https:\/\/api.w.org\/{rel}","templated":true}]}}