{"id":14404,"date":"2021-09-20T13:25:42","date_gmt":"2021-09-20T11:25:42","guid":{"rendered":"https:\/\/www.ebg.de\/?p=14404"},"modified":"2021-09-29T09:50:51","modified_gmt":"2021-09-29T07:50:51","slug":"sommer-sonne-kaktus","status":"publish","type":"post","link":"https:\/\/www.ebg.de\/en\/sommer-sonne-kaktus\/","title":{"rendered":"Sommer, Sonne, Kaktus!"},"content":{"rendered":"\n<p>Am Freitag den 14.08.2020 fand in der Fachschule f\u00fcr Sozialwesen des Europ\u00e4ischen Bildungswerkes unser Kennenlernfest unter dem Motto: <em>\u201cSommer, Sonne, Kaktus\u201d <\/em>statt. Die Klassen HEP\/ERZ 2020 VZ veranstalteten ein Event mit der Klasse ERZ 2019 VZ&nbsp; und dem Fachpersonal der Schule um sich gegenseitig vorzustellen. In verschiedenen Spielen, unter Ber\u00fccksichtigung der Hygieneregeln und mit einer Pause, die zu einem Buffet einlud, gelang es den Neuank\u00f6mmlingen sich an der Fachschule einzuleben und sich kennenzulernen. Musikalische Einleitung gab es ebenfalls zu dem bekannten Song von Helge Schneider ganz nach dem Motto: <em>Sommer, Sonne, Kaktus, playing Federball on the beach.&nbsp;<\/em><\/p>\n\n\n\n<p>Wir bedanken uns bei Allen die dabei waren und offen f\u00fcr neue Kontakte waren und freuen uns auf die folgenden drei Jahre.&nbsp;<\/p>\n\n\n\n<p>HEP\/ERZ 2020 VZ<\/p>\n\n\n\n<div class=\"wp-block-image\"><figure class=\"aligncenter size-full\"><img loading=\"lazy\" decoding=\"async\" width=\"672\" height=\"378\" src=\"https:\/\/www.ebg.de\/wp-content\/uploads\/2021\/09\/Kennen-ERZHEP-2020-VZ_3.jpg\" alt=\"\" class=\"wp-image-14400\" srcset=\"https:\/\/www.ebg.de\/wp-content\/uploads\/2021\/09\/Kennen-ERZHEP-2020-VZ_3.jpg 672w, https:\/\/www.ebg.de\/wp-content\/uploads\/2021\/09\/Kennen-ERZHEP-2020-VZ_3-300x169.jpg 300w\" sizes=\"auto, (max-width: 672px) 100vw, 672px\" \/><\/figure><\/div>\n\n\n\n<div class=\"wp-block-image\"><figure class=\"aligncenter size-large is-resized\"><img loading=\"lazy\" decoding=\"async\" src=\"https:\/\/www.ebg.de\/wp-content\/uploads\/2021\/09\/Kennen-ERZHEP-2020-VZ_4-1024x576.jpg\" alt=\"\" class=\"wp-image-14402\" width=\"672\" height=\"377\" srcset=\"https:\/\/www.ebg.de\/wp-content\/uploads\/2021\/09\/Kennen-ERZHEP-2020-VZ_4-1024x576.jpg 1024w, https:\/\/www.ebg.de\/wp-content\/uploads\/2021\/09\/Kennen-ERZHEP-2020-VZ_4-300x169.jpg 300w, https:\/\/www.ebg.de\/wp-content\/uploads\/2021\/09\/Kennen-ERZHEP-2020-VZ_4-768x432.jpg 768w, https:\/\/www.ebg.de\/wp-content\/uploads\/2021\/09\/Kennen-ERZHEP-2020-VZ_4-1536x864.jpg 1536w, https:\/\/www.ebg.de\/wp-content\/uploads\/2021\/09\/Kennen-ERZHEP-2020-VZ_4-2048x1152.jpg 2048w, https:\/\/www.ebg.de\/wp-content\/uploads\/2021\/09\/Kennen-ERZHEP-2020-VZ_4-900x506.jpg 900w, https:\/\/www.ebg.de\/wp-content\/uploads\/2021\/09\/Kennen-ERZHEP-2020-VZ_4-1200x675.jpg 1200w\" sizes=\"auto, (max-width: 672px) 100vw, 672px\" \/><\/figure><\/div>\n\n\n\n<div class=\"wp-block-image\"><figure class=\"aligncenter size-large\"><img loading=\"lazy\" decoding=\"async\" width=\"672\" height=\"378\" src=\"https:\/\/www.ebg.de\/wp-content\/uploads\/2021\/09\/Kennen-ERZHEP-2020-VZ_2.jpg\" alt=\"\" class=\"wp-image-14398\" srcset=\"https:\/\/www.ebg.de\/wp-content\/uploads\/2021\/09\/Kennen-ERZHEP-2020-VZ_2.jpg 672w, https:\/\/www.ebg.de\/wp-content\/uploads\/2021\/09\/Kennen-ERZHEP-2020-VZ_2-300x169.jpg 300w\" sizes=\"auto, (max-width: 672px) 100vw, 672px\" \/><\/figure><\/div>\n","protected":false},"excerpt":{"rendered":"<p>Am Freitag den 14.08.2020 fand in der Fachschule f\u00fcr Sozialwesen des Europ\u00e4ischen Bildungswerkes unser Kennenlernfest unter dem Motto: \u201cSommer, Sonne, Kaktus\u201d statt.<\/p>\n","protected":false},"author":15,"featured_media":14396,"comment_status":"closed","ping_status":"closed","sticky":false,"template":"","format":"standard","meta":{"_acf_changed":false,"footnotes":""},"categories":[26],"tags":[],"class_list":["post-14404","post","type-post","status-publish","format-standard","has-post-thumbnail","hentry","category-news-brandenburg-schulen"],"acf":[],"yoast_head":"<!-- This site is optimized with the Yoast SEO plugin v26.9 - https:\/\/yoast.com\/product\/yoast-seo-wordpress\/ -->\n<title>Sommer, Sonne, Kaktus! - Europ\u00e4isches Bildungswerk f\u00fcr Beruf und Gesellschaft<\/title>\n<meta name=\"robots\" content=\"index, follow, max-snippet:-1, max-image-preview:large, max-video-preview:-1\" \/>\n<link rel=\"canonical\" href=\"https:\/\/www.ebg.de\/sommer-sonne-kaktus\/\" \/>\n<meta property=\"og:locale\" content=\"en_US\" \/>\n<meta property=\"og:type\" content=\"article\" \/>\n<meta property=\"og:title\" content=\"Sommer, Sonne, Kaktus! - Europ\u00e4isches Bildungswerk f\u00fcr Beruf und Gesellschaft\" \/>\n<meta property=\"og:description\" content=\"Am Freitag den 14.08.2020 fand in der Fachschule f\u00fcr Sozialwesen des Europ\u00e4ischen Bildungswerkes unser Kennenlernfest unter dem Motto: \u201cSommer, Sonne, Kaktus\u201d statt.\" \/>\n<meta property=\"og:url\" content=\"https:\/\/www.ebg.de\/sommer-sonne-kaktus\/\" \/>\n<meta property=\"og:site_name\" content=\"Europ\u00e4isches Bildungswerk f\u00fcr Beruf und Gesellschaft\" \/>\n<meta property=\"article:published_time\" content=\"2021-09-20T11:25:42+00:00\" \/>\n<meta property=\"article:modified_time\" content=\"2021-09-29T07:50:51+00:00\" \/>\n<meta property=\"og:image\" content=\"https:\/\/www.ebg.de\/wp-content\/uploads\/2021\/09\/Kennen-ERZHEP-2020-VZ_1.jpg\" \/>\n\t<meta property=\"og:image:width\" content=\"378\" \/>\n\t<meta property=\"og:image:height\" content=\"672\" \/>\n\t<meta property=\"og:image:type\" content=\"image\/jpeg\" \/>\n<meta name=\"author\" content=\"Ina Schubert\" \/>\n<meta name=\"twitter:card\" content=\"summary_large_image\" \/>\n<meta name=\"twitter:label1\" content=\"Written by\" \/>\n\t<meta name=\"twitter:data1\" content=\"Ina Schubert\" \/>\n\t<meta name=\"twitter:label2\" content=\"Est. reading time\" \/>\n\t<meta name=\"twitter:data2\" content=\"1 minute\" \/>\n<!-- \/ Yoast SEO plugin. -->","yoast_head_json":{"title":"Sommer, Sonne, Kaktus! - Europ\u00e4isches Bildungswerk f\u00fcr Beruf und Gesellschaft","robots":{"index":"index","follow":"follow","max-snippet":"max-snippet:-1","max-image-preview":"max-image-preview:large","max-video-preview":"max-video-preview:-1"},"canonical":"https:\/\/www.ebg.de\/sommer-sonne-kaktus\/","og_locale":"en_US","og_type":"article","og_title":"Sommer, Sonne, Kaktus! - Europ\u00e4isches Bildungswerk f\u00fcr Beruf und Gesellschaft","og_description":"Am Freitag den 14.08.2020 fand in der Fachschule f\u00fcr Sozialwesen des Europ\u00e4ischen Bildungswerkes unser Kennenlernfest unter dem Motto: \u201cSommer, Sonne, Kaktus\u201d statt.","og_url":"https:\/\/www.ebg.de\/sommer-sonne-kaktus\/","og_site_name":"Europ\u00e4isches Bildungswerk f\u00fcr Beruf und Gesellschaft","article_published_time":"2021-09-20T11:25:42+00:00","article_modified_time":"2021-09-29T07:50:51+00:00","og_image":[{"width":378,"height":672,"url":"https:\/\/www.ebg.de\/wp-content\/uploads\/2021\/09\/Kennen-ERZHEP-2020-VZ_1.jpg","type":"image\/jpeg"}],"author":"Ina Schubert","twitter_card":"summary_large_image","twitter_misc":{"Written by":"Ina Schubert","Est. reading time":"1 minute"},"schema":{"@context":"https:\/\/schema.org","@graph":[{"@type":"Article","@id":"https:\/\/www.ebg.de\/sommer-sonne-kaktus\/#article","isPartOf":{"@id":"https:\/\/www.ebg.de\/sommer-sonne-kaktus\/"},"author":{"name":"Ina Schubert","@id":"https:\/\/www.ebg.de\/#\/schema\/person\/00edc5d5868606a12c2f5e12ba5a0277"},"headline":"Sommer, Sonne, Kaktus!","datePublished":"2021-09-20T11:25:42+00:00","dateModified":"2021-09-29T07:50:51+00:00","mainEntityOfPage":{"@id":"https:\/\/www.ebg.de\/sommer-sonne-kaktus\/"},"wordCount":131,"image":{"@id":"https:\/\/www.ebg.de\/sommer-sonne-kaktus\/#primaryimage"},"thumbnailUrl":"https:\/\/www.ebg.de\/wp-content\/uploads\/2021\/09\/Kennen-ERZHEP-2020-VZ_1.jpg","articleSection":["News - Brandenburg Schulen"],"inLanguage":"en-US"},{"@type":"WebPage","@id":"https:\/\/www.ebg.de\/sommer-sonne-kaktus\/","url":"https:\/\/www.ebg.de\/sommer-sonne-kaktus\/","name":"Sommer, Sonne, Kaktus! - Europ\u00e4isches Bildungswerk f\u00fcr Beruf und Gesellschaft","isPartOf":{"@id":"https:\/\/www.ebg.de\/#website"},"primaryImageOfPage":{"@id":"https:\/\/www.ebg.de\/sommer-sonne-kaktus\/#primaryimage"},"image":{"@id":"https:\/\/www.ebg.de\/sommer-sonne-kaktus\/#primaryimage"},"thumbnailUrl":"https:\/\/www.ebg.de\/wp-content\/uploads\/2021\/09\/Kennen-ERZHEP-2020-VZ_1.jpg","datePublished":"2021-09-20T11:25:42+00:00","dateModified":"2021-09-29T07:50:51+00:00","author":{"@id":"https:\/\/www.ebg.de\/#\/schema\/person\/00edc5d5868606a12c2f5e12ba5a0277"},"breadcrumb":{"@id":"https:\/\/www.ebg.de\/sommer-sonne-kaktus\/#breadcrumb"},"inLanguage":"en-US","potentialAction":[{"@type":"ReadAction","target":["https:\/\/www.ebg.de\/sommer-sonne-kaktus\/"]}]},{"@type":"ImageObject","inLanguage":"en-US","@id":"https:\/\/www.ebg.de\/sommer-sonne-kaktus\/#primaryimage","url":"https:\/\/www.ebg.de\/wp-content\/uploads\/2021\/09\/Kennen-ERZHEP-2020-VZ_1.jpg","contentUrl":"https:\/\/www.ebg.de\/wp-content\/uploads\/2021\/09\/Kennen-ERZHEP-2020-VZ_1.jpg","width":378,"height":672},{"@type":"BreadcrumbList","@id":"https:\/\/www.ebg.de\/sommer-sonne-kaktus\/#breadcrumb","itemListElement":[{"@type":"ListItem","position":1,"name":"Startseite","item":"https:\/\/www.ebg.de\/"},{"@type":"ListItem","position":2,"name":"Sommer, Sonne, Kaktus!"}]},{"@type":"WebSite","@id":"https:\/\/www.ebg.de\/#website","url":"https:\/\/www.ebg.de\/","name":"Europ\u00e4isches Bildungswerk f\u00fcr Beruf und Gesellschaft","description":"Bildung, Ausbildung und Weiterbildung","potentialAction":[{"@type":"SearchAction","target":{"@type":"EntryPoint","urlTemplate":"https:\/\/www.ebg.de\/?s={search_term_string}"},"query-input":{"@type":"PropertyValueSpecification","valueRequired":true,"valueName":"search_term_string"}}],"inLanguage":"en-US"},{"@type":"Person","@id":"https:\/\/www.ebg.de\/#\/schema\/person\/00edc5d5868606a12c2f5e12ba5a0277","name":"Ina Schubert","image":{"@type":"ImageObject","inLanguage":"en-US","@id":"https:\/\/www.ebg.de\/#\/schema\/person\/image\/","url":"https:\/\/secure.gravatar.com\/avatar\/711e362b576ac547782ca793fe3330d5c37b80c32dfb390f08ca496d6cfc1ca0?s=96&d=mm&r=g","contentUrl":"https:\/\/secure.gravatar.com\/avatar\/711e362b576ac547782ca793fe3330d5c37b80c32dfb390f08ca496d6cfc1ca0?s=96&d=mm&r=g","caption":"Ina Schubert"},"url":"https:\/\/www.ebg.de\/en\/author\/fsbrandenburg\/"}]}},"_links":{"self":[{"href":"https:\/\/www.ebg.de\/en\/wp-json\/wp\/v2\/posts\/14404","targetHints":{"allow":["GET"]}}],"collection":[{"href":"https:\/\/www.ebg.de\/en\/wp-json\/wp\/v2\/posts"}],"about":[{"href":"https:\/\/www.ebg.de\/en\/wp-json\/wp\/v2\/types\/post"}],"author":[{"embeddable":true,"href":"https:\/\/www.ebg.de\/en\/wp-json\/wp\/v2\/users\/15"}],"replies":[{"embeddable":true,"href":"https:\/\/www.ebg.de\/en\/wp-json\/wp\/v2\/comments?post=14404"}],"version-history":[{"count":4,"href":"https:\/\/www.ebg.de\/en\/wp-json\/wp\/v2\/posts\/14404\/revisions"}],"predecessor-version":[{"id":14663,"href":"https:\/\/www.ebg.de\/en\/wp-json\/wp\/v2\/posts\/14404\/revisions\/14663"}],"wp:featuredmedia":[{"embeddable":true,"href":"https:\/\/www.ebg.de\/en\/wp-json\/wp\/v2\/media\/14396"}],"wp:attachment":[{"href":"https:\/\/www.ebg.de\/en\/wp-json\/wp\/v2\/media?parent=14404"}],"wp:term":[{"taxonomy":"category","embeddable":true,"href":"https:\/\/www.ebg.de\/en\/wp-json\/wp\/v2\/categories?post=14404"},{"taxonomy":"post_tag","embeddable":true,"href":"https:\/\/www.ebg.de\/en\/wp-json\/wp\/v2\/tags?post=14404"}],"curies":[{"name":"wp","href":"https:\/\/api.w.org\/{rel}","templated":true}]}}