{"id":13104,"date":"2021-08-04T10:22:17","date_gmt":"2021-08-04T08:22:17","guid":{"rendered":"https:\/\/www.ebg.de\/?p=13104"},"modified":"2021-12-07T15:44:04","modified_gmt":"2021-12-07T14:44:04","slug":"teamausflug-zum-cospudener-see","status":"publish","type":"post","link":"https:\/\/www.ebg.de\/en\/teamausflug-zum-cospudener-see\/","title":{"rendered":"Teamausflug zum Cospudener See"},"content":{"rendered":"\n<p>\u201eUnsere kleine Ostsee\u201c oder einfach \u201eCossi\u201c wird der aus einem Braunkohletagebau entstandene Cospudener See genannt, der lebendiges maritimes Flair mit naturnaher Erholung auf eine wunderbare Weise miteinander verbindet und nicht nur f\u00fcr die Leipziger ein wahrer Publikumsmagnet ist. <\/p>\n\n\n\n<p>Beim Teamausflug im Rahmen der p\u00e4dagogischen Woche lie\u00dfen wir uns von diesem Zauber einfangen und umrundeten die Perle der Leipziger Neuseenlandschaft im S\u00fcden der Stadt per Tretmobil. Auf der rund 11 Kilometer langen Strecke genossen wir die Bilder dieses magischen Biotops, welches seit der Flutung des Sees seit rund 20 Jahren entstanden ist. <\/p>\n\n\n\n<p>Anschlie\u00dfend war am Yachthafen f\u00fcr das leibliche Wohl gesorgt und rundete im passenden Ambiente namens \u201eKleine Freiheit\u201c den Team-Tag ab.   <\/p>\n\n\n\n<figure class=\"wp-block-image size-large\"><img loading=\"lazy\" decoding=\"async\" width=\"425\" height=\"283\" src=\"https:\/\/www.ebg.de\/wp-content\/uploads\/2021\/08\/paedagogische-woche-dozenten-leipzig.jpg\" alt=\"Ausflug des Teams der Fachschule Leipzig im Rahmen der p\u00e4dagogischen Woche, Umrundung des Cospudener Sees per Tretmobil\" class=\"wp-image-13098\" srcset=\"https:\/\/www.ebg.de\/wp-content\/uploads\/2021\/08\/paedagogische-woche-dozenten-leipzig.jpg 425w, https:\/\/www.ebg.de\/wp-content\/uploads\/2021\/08\/paedagogische-woche-dozenten-leipzig-300x200.jpg 300w\" sizes=\"auto, (max-width: 425px) 100vw, 425px\" \/><figcaption>Lernstoff\u00fcbersicht in Form einer Mindmap<\/figcaption><\/figure>\n\n\n\n<figure class=\"wp-block-image size-large\"><img loading=\"lazy\" decoding=\"async\" width=\"425\" height=\"284\" src=\"https:\/\/www.ebg.de\/wp-content\/uploads\/2021\/08\/paedagogische-woche-mozart-torte-leipzig.jpg\" alt=\"Ausflug des Teams der Fachschule Leipzig im Rahmen der p\u00e4dagogischen Woche, Mozarttorte\" class=\"wp-image-13102\" srcset=\"https:\/\/www.ebg.de\/wp-content\/uploads\/2021\/08\/paedagogische-woche-mozart-torte-leipzig.jpg 425w, https:\/\/www.ebg.de\/wp-content\/uploads\/2021\/08\/paedagogische-woche-mozart-torte-leipzig-300x200.jpg 300w\" sizes=\"auto, (max-width: 425px) 100vw, 425px\" \/><figcaption>Gliederung eines Inhaltsverzeichnisses<\/figcaption><\/figure>\n\n\n\n<figure class=\"wp-block-image size-large\"><img loading=\"lazy\" decoding=\"async\" width=\"425\" height=\"284\" src=\"https:\/\/www.ebg.de\/wp-content\/uploads\/2021\/08\/paedagogische-woche-kuchen-buffet-leipzig.jpg\" alt=\"Ausflug des Teams der Fachschule Leipzig im Rahmen der p\u00e4dagogischen Woche, Kuchenbuffet\" class=\"wp-image-13100\" srcset=\"https:\/\/www.ebg.de\/wp-content\/uploads\/2021\/08\/paedagogische-woche-kuchen-buffet-leipzig.jpg 425w, https:\/\/www.ebg.de\/wp-content\/uploads\/2021\/08\/paedagogische-woche-kuchen-buffet-leipzig-300x200.jpg 300w\" sizes=\"auto, (max-width: 425px) 100vw, 425px\" \/><figcaption>Durchstrukturierter Lernkalender<\/figcaption><\/figure>\n","protected":false},"excerpt":{"rendered":"<p>Teamausflug \u2013 die Leipziger Dozenten umrunden die \u201ePerle der Leipziger Neuseenlandschaft\u201c<\/p>\n","protected":false},"author":8,"featured_media":13118,"comment_status":"closed","ping_status":"closed","sticky":false,"template":"","format":"standard","meta":{"_acf_changed":false,"footnotes":""},"categories":[27],"tags":[],"class_list":["post-13104","post","type-post","status-publish","format-standard","has-post-thumbnail","hentry","category-news-leipzig-schulen"],"acf":[],"yoast_head":"<!-- This site is optimized with the Yoast SEO plugin v26.9 - https:\/\/yoast.com\/product\/yoast-seo-wordpress\/ -->\n<title>Teamausflug zum Cospudener See - Europ\u00e4isches Bildungswerk f\u00fcr Beruf und Gesellschaft<\/title>\n<meta name=\"robots\" content=\"index, follow, max-snippet:-1, max-image-preview:large, max-video-preview:-1\" \/>\n<link rel=\"canonical\" href=\"https:\/\/www.ebg.de\/teamausflug-zum-cospudener-see\/?lang=en\" \/>\n<meta property=\"og:locale\" content=\"en_US\" \/>\n<meta property=\"og:type\" content=\"article\" \/>\n<meta property=\"og:title\" content=\"Teamausflug zum Cospudener See - Europ\u00e4isches Bildungswerk f\u00fcr Beruf und Gesellschaft\" \/>\n<meta property=\"og:description\" content=\"Teamausflug \u2013 die Leipziger Dozenten umrunden die \u201ePerle der Leipziger Neuseenlandschaft\u201c\" \/>\n<meta property=\"og:url\" content=\"https:\/\/www.ebg.de\/teamausflug-zum-cospudener-see\/?lang=en\" \/>\n<meta property=\"og:site_name\" content=\"Europ\u00e4isches Bildungswerk f\u00fcr Beruf und Gesellschaft\" \/>\n<meta property=\"article:published_time\" content=\"2021-08-04T08:22:17+00:00\" \/>\n<meta property=\"article:modified_time\" content=\"2021-12-07T14:44:04+00:00\" \/>\n<meta property=\"og:image\" content=\"https:\/\/www.ebg.de\/wp-content\/uploads\/2021\/08\/paedagogische-woche-dozenten-leipzig-copudener-see.jpg\" \/>\n\t<meta property=\"og:image:width\" content=\"425\" \/>\n\t<meta property=\"og:image:height\" content=\"283\" \/>\n\t<meta property=\"og:image:type\" content=\"image\/jpeg\" \/>\n<meta name=\"author\" content=\"Christiane Selbig\" \/>\n<meta name=\"twitter:card\" content=\"summary_large_image\" \/>\n<meta name=\"twitter:label1\" content=\"Written by\" \/>\n\t<meta name=\"twitter:data1\" content=\"Christiane Selbig\" \/>\n\t<meta name=\"twitter:label2\" content=\"Est. reading time\" \/>\n\t<meta name=\"twitter:data2\" content=\"1 minute\" \/>\n<!-- \/ Yoast SEO plugin. -->","yoast_head_json":{"title":"Teamausflug zum Cospudener See - Europ\u00e4isches Bildungswerk f\u00fcr Beruf und Gesellschaft","robots":{"index":"index","follow":"follow","max-snippet":"max-snippet:-1","max-image-preview":"max-image-preview:large","max-video-preview":"max-video-preview:-1"},"canonical":"https:\/\/www.ebg.de\/teamausflug-zum-cospudener-see\/?lang=en","og_locale":"en_US","og_type":"article","og_title":"Teamausflug zum Cospudener See - Europ\u00e4isches Bildungswerk f\u00fcr Beruf und Gesellschaft","og_description":"Teamausflug \u2013 die Leipziger Dozenten umrunden die \u201ePerle der Leipziger Neuseenlandschaft\u201c","og_url":"https:\/\/www.ebg.de\/teamausflug-zum-cospudener-see\/?lang=en","og_site_name":"Europ\u00e4isches Bildungswerk f\u00fcr Beruf und Gesellschaft","article_published_time":"2021-08-04T08:22:17+00:00","article_modified_time":"2021-12-07T14:44:04+00:00","og_image":[{"width":425,"height":283,"url":"https:\/\/www.ebg.de\/wp-content\/uploads\/2021\/08\/paedagogische-woche-dozenten-leipzig-copudener-see.jpg","type":"image\/jpeg"}],"author":"Christiane Selbig","twitter_card":"summary_large_image","twitter_misc":{"Written by":"Christiane Selbig","Est. reading time":"1 minute"},"schema":{"@context":"https:\/\/schema.org","@graph":[{"@type":"Article","@id":"https:\/\/www.ebg.de\/teamausflug-zum-cospudener-see\/?lang=en#article","isPartOf":{"@id":"https:\/\/www.ebg.de\/teamausflug-zum-cospudener-see\/?lang=en"},"author":{"name":"Christiane Selbig","@id":"https:\/\/www.ebg.de\/#\/schema\/person\/841de16928f485ad75bab4e688fe3436"},"headline":"Teamausflug zum Cospudener See","datePublished":"2021-08-04T08:22:17+00:00","dateModified":"2021-12-07T14:44:04+00:00","mainEntityOfPage":{"@id":"https:\/\/www.ebg.de\/teamausflug-zum-cospudener-see\/?lang=en"},"wordCount":130,"image":{"@id":"https:\/\/www.ebg.de\/teamausflug-zum-cospudener-see\/?lang=en#primaryimage"},"thumbnailUrl":"https:\/\/www.ebg.de\/wp-content\/uploads\/2021\/08\/paedagogische-woche-dozenten-leipzig-copudener-see.jpg","articleSection":["News - Leipzig Schulen"],"inLanguage":"en-US"},{"@type":"WebPage","@id":"https:\/\/www.ebg.de\/teamausflug-zum-cospudener-see\/?lang=en","url":"https:\/\/www.ebg.de\/teamausflug-zum-cospudener-see\/?lang=en","name":"Teamausflug zum Cospudener See - Europ\u00e4isches Bildungswerk f\u00fcr Beruf und Gesellschaft","isPartOf":{"@id":"https:\/\/www.ebg.de\/#website"},"primaryImageOfPage":{"@id":"https:\/\/www.ebg.de\/teamausflug-zum-cospudener-see\/?lang=en#primaryimage"},"image":{"@id":"https:\/\/www.ebg.de\/teamausflug-zum-cospudener-see\/?lang=en#primaryimage"},"thumbnailUrl":"https:\/\/www.ebg.de\/wp-content\/uploads\/2021\/08\/paedagogische-woche-dozenten-leipzig-copudener-see.jpg","datePublished":"2021-08-04T08:22:17+00:00","dateModified":"2021-12-07T14:44:04+00:00","author":{"@id":"https:\/\/www.ebg.de\/#\/schema\/person\/841de16928f485ad75bab4e688fe3436"},"breadcrumb":{"@id":"https:\/\/www.ebg.de\/teamausflug-zum-cospudener-see\/?lang=en#breadcrumb"},"inLanguage":"en-US","potentialAction":[{"@type":"ReadAction","target":["https:\/\/www.ebg.de\/teamausflug-zum-cospudener-see\/?lang=en"]}]},{"@type":"ImageObject","inLanguage":"en-US","@id":"https:\/\/www.ebg.de\/teamausflug-zum-cospudener-see\/?lang=en#primaryimage","url":"https:\/\/www.ebg.de\/wp-content\/uploads\/2021\/08\/paedagogische-woche-dozenten-leipzig-copudener-see.jpg","contentUrl":"https:\/\/www.ebg.de\/wp-content\/uploads\/2021\/08\/paedagogische-woche-dozenten-leipzig-copudener-see.jpg","width":425,"height":283,"caption":"Ausflug des Teams der Fachschule Leipzig im Rahmen der p\u00e4dagogischen Woche, Umrundung des Cospudener Sees per Tretmobil, Nordstrand"},{"@type":"BreadcrumbList","@id":"https:\/\/www.ebg.de\/teamausflug-zum-cospudener-see\/?lang=en#breadcrumb","itemListElement":[{"@type":"ListItem","position":1,"name":"Startseite","item":"https:\/\/www.ebg.de\/"},{"@type":"ListItem","position":2,"name":"Teamausflug zum Cospudener See"}]},{"@type":"WebSite","@id":"https:\/\/www.ebg.de\/#website","url":"https:\/\/www.ebg.de\/","name":"Europ\u00e4isches Bildungswerk f\u00fcr Beruf und Gesellschaft","description":"Bildung, Ausbildung und Weiterbildung","potentialAction":[{"@type":"SearchAction","target":{"@type":"EntryPoint","urlTemplate":"https:\/\/www.ebg.de\/?s={search_term_string}"},"query-input":{"@type":"PropertyValueSpecification","valueRequired":true,"valueName":"search_term_string"}}],"inLanguage":"en-US"},{"@type":"Person","@id":"https:\/\/www.ebg.de\/#\/schema\/person\/841de16928f485ad75bab4e688fe3436","name":"Christiane Selbig","image":{"@type":"ImageObject","inLanguage":"en-US","@id":"https:\/\/www.ebg.de\/#\/schema\/person\/image\/","url":"https:\/\/secure.gravatar.com\/avatar\/2cc1d2ea88bd46e448d57ac18ac9f028486b7c08a90951b9d99326eeec001739?s=96&d=mm&r=g","contentUrl":"https:\/\/secure.gravatar.com\/avatar\/2cc1d2ea88bd46e448d57ac18ac9f028486b7c08a90951b9d99326eeec001739?s=96&d=mm&r=g","caption":"Christiane Selbig"},"url":"https:\/\/www.ebg.de\/en\/author\/cselbig\/"}]}},"_links":{"self":[{"href":"https:\/\/www.ebg.de\/en\/wp-json\/wp\/v2\/posts\/13104","targetHints":{"allow":["GET"]}}],"collection":[{"href":"https:\/\/www.ebg.de\/en\/wp-json\/wp\/v2\/posts"}],"about":[{"href":"https:\/\/www.ebg.de\/en\/wp-json\/wp\/v2\/types\/post"}],"author":[{"embeddable":true,"href":"https:\/\/www.ebg.de\/en\/wp-json\/wp\/v2\/users\/8"}],"replies":[{"embeddable":true,"href":"https:\/\/www.ebg.de\/en\/wp-json\/wp\/v2\/comments?post=13104"}],"version-history":[{"count":5,"href":"https:\/\/www.ebg.de\/en\/wp-json\/wp\/v2\/posts\/13104\/revisions"}],"predecessor-version":[{"id":16135,"href":"https:\/\/www.ebg.de\/en\/wp-json\/wp\/v2\/posts\/13104\/revisions\/16135"}],"wp:featuredmedia":[{"embeddable":true,"href":"https:\/\/www.ebg.de\/en\/wp-json\/wp\/v2\/media\/13118"}],"wp:attachment":[{"href":"https:\/\/www.ebg.de\/en\/wp-json\/wp\/v2\/media?parent=13104"}],"wp:term":[{"taxonomy":"category","embeddable":true,"href":"https:\/\/www.ebg.de\/en\/wp-json\/wp\/v2\/categories?post=13104"},{"taxonomy":"post_tag","embeddable":true,"href":"https:\/\/www.ebg.de\/en\/wp-json\/wp\/v2\/tags?post=13104"}],"curies":[{"name":"wp","href":"https:\/\/api.w.org\/{rel}","templated":true}]}}