{"id":12883,"date":"2021-07-28T08:56:47","date_gmt":"2021-07-28T06:56:47","guid":{"rendered":"https:\/\/www.ebg.de\/?p=12883"},"modified":"2021-07-28T09:03:58","modified_gmt":"2021-07-28T07:03:58","slug":"begruessung-der-ersten-auszubildenden-2021","status":"publish","type":"post","link":"https:\/\/www.ebg.de\/en\/begruessung-der-ersten-auszubildenden-2021\/","title":{"rendered":"Begr\u00fc\u00dfung der ersten Auszubildenden 2021"},"content":{"rendered":"\n<p>Am 23.07.2021 konnten die ersten ausl\u00e4ndischen Auszubildenden f\u00fcr das neue Ausbildungsjahr vom Gesch\u00e4ftsf\u00fchrer Herrn Thilo Reichelt offiziell begr\u00fc\u00dft werden.<\/p>\n\n\n\n<p>Die k\u00fcnftigen Azubis absolvieren derzeitig die Vorbereitungswochen in Magdeburg, um am 1. August eine Ausbildung zur Pflegefachkraft aufzunehmen. Sprachkurs, interkulturelles Training, Beh\u00f6rdeng\u00e4nge und Sightseeing sind Bestandteile der Vorbereitungswochen. Die Ausbildung zur staatlich anerkannten Pflegefachkraft dauert 3 Jahre und gliedert sich in theoretische und praktische Ausbildungsabschnitte.<\/p>\n\n\n\n<p><br>Die theoretische Ausbildung absolvieren unsere Sch\u00fcler im Fach- und Berufsfachschulzentrum Magdeburg. Die Praxis findet bei den Kooperationspartnern, dem <a href=\"https:\/\/www.senioren-wohnpark-wolmirstedt.de\/\">Seniorenwohnpark Wolmirstedt, <\/a> der <a href=\"https:\/\/www.seniorenhilfe-ok.de\/\">Seniorenhilfe Haldensleben<\/a>, <a href=\"https:\/\/www.vs-habilis.de\/\">der Habilis gGmbH<\/a>, der <a href=\"https:\/\/lotos-intensivpflege.info\/\">LOTOS Au\u00dferklinischen Intensivpflege Mitteldeutschland <\/a>sowie der <a href=\"https:\/\/www.mobile-krankenpflege.gmbh\/\">Mobilen Krankenpflege Magdeburg <\/a>statt.<br><\/p>\n\n\n\n<figure class=\"wp-block-gallery columns-3 is-cropped wp-block-gallery-1 is-layout-flex wp-block-gallery-is-layout-flex\"><ul class=\"blocks-gallery-grid\"><li class=\"blocks-gallery-item\"><figure><img loading=\"lazy\" decoding=\"async\" width=\"1024\" height=\"649\" src=\"https:\/\/www.ebg.de\/wp-content\/uploads\/2021\/07\/IMG_5220-1024x649.jpg\" alt=\"\" data-id=\"12884\" data-full-url=\"https:\/\/www.ebg.de\/wp-content\/uploads\/2021\/07\/IMG_5220-scaled.jpg\" data-link=\"https:\/\/www.ebg.de\/?attachment_id=12884\" class=\"wp-image-12884\" srcset=\"https:\/\/www.ebg.de\/wp-content\/uploads\/2021\/07\/IMG_5220-1024x649.jpg 1024w, https:\/\/www.ebg.de\/wp-content\/uploads\/2021\/07\/IMG_5220-300x190.jpg 300w, https:\/\/www.ebg.de\/wp-content\/uploads\/2021\/07\/IMG_5220-768x487.jpg 768w, https:\/\/www.ebg.de\/wp-content\/uploads\/2021\/07\/IMG_5220-1536x973.jpg 1536w, https:\/\/www.ebg.de\/wp-content\/uploads\/2021\/07\/IMG_5220-2048x1298.jpg 2048w, https:\/\/www.ebg.de\/wp-content\/uploads\/2021\/07\/IMG_5220-900x570.jpg 900w, https:\/\/www.ebg.de\/wp-content\/uploads\/2021\/07\/IMG_5220-1200x760.jpg 1200w\" sizes=\"auto, (max-width: 1024px) 100vw, 1024px\" \/><\/figure><\/li><li class=\"blocks-gallery-item\"><figure><img loading=\"lazy\" decoding=\"async\" width=\"1024\" height=\"683\" src=\"https:\/\/www.ebg.de\/wp-content\/uploads\/2021\/07\/IMG_5221-1024x683.jpg\" alt=\"\" data-id=\"12886\" data-full-url=\"https:\/\/www.ebg.de\/wp-content\/uploads\/2021\/07\/IMG_5221-scaled.jpg\" data-link=\"https:\/\/www.ebg.de\/?attachment_id=12886\" class=\"wp-image-12886\" srcset=\"https:\/\/www.ebg.de\/wp-content\/uploads\/2021\/07\/IMG_5221-1024x683.jpg 1024w, https:\/\/www.ebg.de\/wp-content\/uploads\/2021\/07\/IMG_5221-300x200.jpg 300w, https:\/\/www.ebg.de\/wp-content\/uploads\/2021\/07\/IMG_5221-768x512.jpg 768w, https:\/\/www.ebg.de\/wp-content\/uploads\/2021\/07\/IMG_5221-1536x1024.jpg 1536w, https:\/\/www.ebg.de\/wp-content\/uploads\/2021\/07\/IMG_5221-2048x1365.jpg 2048w, https:\/\/www.ebg.de\/wp-content\/uploads\/2021\/07\/IMG_5221-900x600.jpg 900w, https:\/\/www.ebg.de\/wp-content\/uploads\/2021\/07\/IMG_5221-1200x800.jpg 1200w\" sizes=\"auto, (max-width: 1024px) 100vw, 1024px\" \/><\/figure><\/li><li class=\"blocks-gallery-item\"><figure><img loading=\"lazy\" decoding=\"async\" width=\"1024\" height=\"683\" src=\"https:\/\/www.ebg.de\/wp-content\/uploads\/2021\/07\/IMG_5222-1024x683.jpg\" alt=\"\" data-id=\"12888\" data-full-url=\"https:\/\/www.ebg.de\/wp-content\/uploads\/2021\/07\/IMG_5222-scaled.jpg\" data-link=\"https:\/\/www.ebg.de\/?attachment_id=12888\" class=\"wp-image-12888\" srcset=\"https:\/\/www.ebg.de\/wp-content\/uploads\/2021\/07\/IMG_5222-1024x683.jpg 1024w, https:\/\/www.ebg.de\/wp-content\/uploads\/2021\/07\/IMG_5222-300x200.jpg 300w, https:\/\/www.ebg.de\/wp-content\/uploads\/2021\/07\/IMG_5222-768x512.jpg 768w, https:\/\/www.ebg.de\/wp-content\/uploads\/2021\/07\/IMG_5222-1536x1024.jpg 1536w, https:\/\/www.ebg.de\/wp-content\/uploads\/2021\/07\/IMG_5222-2048x1365.jpg 2048w, https:\/\/www.ebg.de\/wp-content\/uploads\/2021\/07\/IMG_5222-900x600.jpg 900w, https:\/\/www.ebg.de\/wp-content\/uploads\/2021\/07\/IMG_5222-1200x800.jpg 1200w\" sizes=\"auto, (max-width: 1024px) 100vw, 1024px\" \/><\/figure><\/li><li class=\"blocks-gallery-item\"><figure><img loading=\"lazy\" decoding=\"async\" width=\"1024\" height=\"747\" src=\"https:\/\/www.ebg.de\/wp-content\/uploads\/2021\/07\/IMG_5225-1024x747.jpg\" alt=\"\" data-id=\"12890\" data-full-url=\"https:\/\/www.ebg.de\/wp-content\/uploads\/2021\/07\/IMG_5225-scaled.jpg\" data-link=\"https:\/\/www.ebg.de\/?attachment_id=12890\" class=\"wp-image-12890\" srcset=\"https:\/\/www.ebg.de\/wp-content\/uploads\/2021\/07\/IMG_5225-1024x747.jpg 1024w, https:\/\/www.ebg.de\/wp-content\/uploads\/2021\/07\/IMG_5225-300x219.jpg 300w, https:\/\/www.ebg.de\/wp-content\/uploads\/2021\/07\/IMG_5225-768x560.jpg 768w, https:\/\/www.ebg.de\/wp-content\/uploads\/2021\/07\/IMG_5225-1536x1120.jpg 1536w, https:\/\/www.ebg.de\/wp-content\/uploads\/2021\/07\/IMG_5225-2048x1494.jpg 2048w, https:\/\/www.ebg.de\/wp-content\/uploads\/2021\/07\/IMG_5225-900x656.jpg 900w, https:\/\/www.ebg.de\/wp-content\/uploads\/2021\/07\/IMG_5225-1200x875.jpg 1200w\" sizes=\"auto, (max-width: 1024px) 100vw, 1024px\" \/><\/figure><\/li><\/ul><\/figure>\n\n\n\n<p>Die sprachliche F\u00f6rderung auf das Niveau B2 wird synchron im <a href=\"https:\/\/www.ebg.de\/standort\/magdeburg-ebz\/\">Erwachsenenbildungszentrum des Europ\u00e4ischen Bildungswerkes<\/a> in Magdeburg durchgef\u00fchrt.<br><\/p>\n","protected":false},"excerpt":{"rendered":"<p>Am 23.07.2021 konnten die ersten ausl\u00e4ndischen Auszubildenden f\u00fcr das neue Ausbildungsjahr vom Gesch\u00e4ftsf\u00fchrer Herrn Thilo Reichelt offiziell begr\u00fc\u00dft werden.<\/p>\n","protected":false},"author":22,"featured_media":12892,"comment_status":"closed","ping_status":"closed","sticky":false,"template":"","format":"standard","meta":{"_acf_changed":false,"footnotes":""},"categories":[22],"tags":[],"class_list":["post-12883","post","type-post","status-publish","format-standard","has-post-thumbnail","hentry","category-news-gf"],"acf":[],"yoast_head":"<!-- This site is optimized with the Yoast SEO plugin v26.9 - https:\/\/yoast.com\/product\/yoast-seo-wordpress\/ -->\n<title>Begr\u00fc\u00dfung der ersten Auszubildenden 2021 - Europ\u00e4isches Bildungswerk f\u00fcr Beruf und Gesellschaft<\/title>\n<meta name=\"robots\" content=\"index, follow, max-snippet:-1, max-image-preview:large, max-video-preview:-1\" \/>\n<link rel=\"canonical\" href=\"https:\/\/www.ebg.de\/begruessung-der-ersten-auszubildenden-2021\/\" \/>\n<meta property=\"og:locale\" content=\"en_US\" \/>\n<meta property=\"og:type\" content=\"article\" \/>\n<meta property=\"og:title\" content=\"Begr\u00fc\u00dfung der ersten Auszubildenden 2021 - Europ\u00e4isches Bildungswerk f\u00fcr Beruf und Gesellschaft\" \/>\n<meta property=\"og:description\" content=\"Am 23.07.2021 konnten die ersten ausl\u00e4ndischen Auszubildenden f\u00fcr das neue Ausbildungsjahr vom Gesch\u00e4ftsf\u00fchrer Herrn Thilo Reichelt offiziell begr\u00fc\u00dft werden.\" \/>\n<meta property=\"og:url\" content=\"https:\/\/www.ebg.de\/begruessung-der-ersten-auszubildenden-2021\/\" \/>\n<meta property=\"og:site_name\" content=\"Europ\u00e4isches Bildungswerk f\u00fcr Beruf und Gesellschaft\" \/>\n<meta property=\"article:published_time\" content=\"2021-07-28T06:56:47+00:00\" \/>\n<meta property=\"article:modified_time\" content=\"2021-07-28T07:03:58+00:00\" \/>\n<meta property=\"og:image\" content=\"https:\/\/www.ebg.de\/wp-content\/uploads\/2021\/07\/IMG_5227-scaled.jpg\" \/>\n\t<meta property=\"og:image:width\" content=\"2560\" \/>\n\t<meta property=\"og:image:height\" content=\"1848\" \/>\n\t<meta property=\"og:image:type\" content=\"image\/jpeg\" \/>\n<meta name=\"author\" content=\"Stephan Deubner\" \/>\n<meta name=\"twitter:card\" content=\"summary_large_image\" \/>\n<meta name=\"twitter:label1\" content=\"Written by\" \/>\n\t<meta name=\"twitter:data1\" content=\"Stephan Deubner\" \/>\n\t<meta name=\"twitter:label2\" content=\"Est. reading time\" \/>\n\t<meta name=\"twitter:data2\" content=\"1 minute\" \/>\n<!-- \/ Yoast SEO plugin. -->","yoast_head_json":{"title":"Begr\u00fc\u00dfung der ersten Auszubildenden 2021 - Europ\u00e4isches Bildungswerk f\u00fcr Beruf und Gesellschaft","robots":{"index":"index","follow":"follow","max-snippet":"max-snippet:-1","max-image-preview":"max-image-preview:large","max-video-preview":"max-video-preview:-1"},"canonical":"https:\/\/www.ebg.de\/begruessung-der-ersten-auszubildenden-2021\/","og_locale":"en_US","og_type":"article","og_title":"Begr\u00fc\u00dfung der ersten Auszubildenden 2021 - Europ\u00e4isches Bildungswerk f\u00fcr Beruf und Gesellschaft","og_description":"Am 23.07.2021 konnten die ersten ausl\u00e4ndischen Auszubildenden f\u00fcr das neue Ausbildungsjahr vom Gesch\u00e4ftsf\u00fchrer Herrn Thilo Reichelt offiziell begr\u00fc\u00dft werden.","og_url":"https:\/\/www.ebg.de\/begruessung-der-ersten-auszubildenden-2021\/","og_site_name":"Europ\u00e4isches Bildungswerk f\u00fcr Beruf und Gesellschaft","article_published_time":"2021-07-28T06:56:47+00:00","article_modified_time":"2021-07-28T07:03:58+00:00","og_image":[{"width":2560,"height":1848,"url":"https:\/\/www.ebg.de\/wp-content\/uploads\/2021\/07\/IMG_5227-scaled.jpg","type":"image\/jpeg"}],"author":"Stephan Deubner","twitter_card":"summary_large_image","twitter_misc":{"Written by":"Stephan Deubner","Est. reading time":"1 minute"},"schema":{"@context":"https:\/\/schema.org","@graph":[{"@type":"Article","@id":"https:\/\/www.ebg.de\/begruessung-der-ersten-auszubildenden-2021\/#article","isPartOf":{"@id":"https:\/\/www.ebg.de\/begruessung-der-ersten-auszubildenden-2021\/"},"author":{"name":"Stephan Deubner","@id":"https:\/\/www.ebg.de\/#\/schema\/person\/af645ea1741029d9a44ae532ceb268bc"},"headline":"Begr\u00fc\u00dfung der ersten Auszubildenden 2021","datePublished":"2021-07-28T06:56:47+00:00","dateModified":"2021-07-28T07:03:58+00:00","mainEntityOfPage":{"@id":"https:\/\/www.ebg.de\/begruessung-der-ersten-auszubildenden-2021\/"},"wordCount":133,"image":{"@id":"https:\/\/www.ebg.de\/begruessung-der-ersten-auszubildenden-2021\/#primaryimage"},"thumbnailUrl":"https:\/\/www.ebg.de\/wp-content\/uploads\/2021\/07\/IMG_5227-scaled.jpg","articleSection":["News-GF"],"inLanguage":"en-US"},{"@type":"WebPage","@id":"https:\/\/www.ebg.de\/begruessung-der-ersten-auszubildenden-2021\/","url":"https:\/\/www.ebg.de\/begruessung-der-ersten-auszubildenden-2021\/","name":"Begr\u00fc\u00dfung der ersten Auszubildenden 2021 - Europ\u00e4isches Bildungswerk f\u00fcr Beruf und Gesellschaft","isPartOf":{"@id":"https:\/\/www.ebg.de\/#website"},"primaryImageOfPage":{"@id":"https:\/\/www.ebg.de\/begruessung-der-ersten-auszubildenden-2021\/#primaryimage"},"image":{"@id":"https:\/\/www.ebg.de\/begruessung-der-ersten-auszubildenden-2021\/#primaryimage"},"thumbnailUrl":"https:\/\/www.ebg.de\/wp-content\/uploads\/2021\/07\/IMG_5227-scaled.jpg","datePublished":"2021-07-28T06:56:47+00:00","dateModified":"2021-07-28T07:03:58+00:00","author":{"@id":"https:\/\/www.ebg.de\/#\/schema\/person\/af645ea1741029d9a44ae532ceb268bc"},"breadcrumb":{"@id":"https:\/\/www.ebg.de\/begruessung-der-ersten-auszubildenden-2021\/#breadcrumb"},"inLanguage":"en-US","potentialAction":[{"@type":"ReadAction","target":["https:\/\/www.ebg.de\/begruessung-der-ersten-auszubildenden-2021\/"]}]},{"@type":"ImageObject","inLanguage":"en-US","@id":"https:\/\/www.ebg.de\/begruessung-der-ersten-auszubildenden-2021\/#primaryimage","url":"https:\/\/www.ebg.de\/wp-content\/uploads\/2021\/07\/IMG_5227-scaled.jpg","contentUrl":"https:\/\/www.ebg.de\/wp-content\/uploads\/2021\/07\/IMG_5227-scaled.jpg","width":2560,"height":1848},{"@type":"BreadcrumbList","@id":"https:\/\/www.ebg.de\/begruessung-der-ersten-auszubildenden-2021\/#breadcrumb","itemListElement":[{"@type":"ListItem","position":1,"name":"Startseite","item":"https:\/\/www.ebg.de\/"},{"@type":"ListItem","position":2,"name":"Begr\u00fc\u00dfung der ersten Auszubildenden 2021"}]},{"@type":"WebSite","@id":"https:\/\/www.ebg.de\/#website","url":"https:\/\/www.ebg.de\/","name":"Europ\u00e4isches Bildungswerk f\u00fcr Beruf und Gesellschaft","description":"Bildung, Ausbildung und Weiterbildung","potentialAction":[{"@type":"SearchAction","target":{"@type":"EntryPoint","urlTemplate":"https:\/\/www.ebg.de\/?s={search_term_string}"},"query-input":{"@type":"PropertyValueSpecification","valueRequired":true,"valueName":"search_term_string"}}],"inLanguage":"en-US"},{"@type":"Person","@id":"https:\/\/www.ebg.de\/#\/schema\/person\/af645ea1741029d9a44ae532ceb268bc","name":"Stephan Deubner","image":{"@type":"ImageObject","inLanguage":"en-US","@id":"https:\/\/www.ebg.de\/#\/schema\/person\/image\/","url":"https:\/\/secure.gravatar.com\/avatar\/35731f6a08afa0518c45f153077f6135c0f41aa2ae0b76e850ef9508976a7bbe?s=96&d=mm&r=g","contentUrl":"https:\/\/secure.gravatar.com\/avatar\/35731f6a08afa0518c45f153077f6135c0f41aa2ae0b76e850ef9508976a7bbe?s=96&d=mm&r=g","caption":"Stephan Deubner"},"url":"https:\/\/www.ebg.de\/en\/author\/sdeubner\/"}]}},"_links":{"self":[{"href":"https:\/\/www.ebg.de\/en\/wp-json\/wp\/v2\/posts\/12883","targetHints":{"allow":["GET"]}}],"collection":[{"href":"https:\/\/www.ebg.de\/en\/wp-json\/wp\/v2\/posts"}],"about":[{"href":"https:\/\/www.ebg.de\/en\/wp-json\/wp\/v2\/types\/post"}],"author":[{"embeddable":true,"href":"https:\/\/www.ebg.de\/en\/wp-json\/wp\/v2\/users\/22"}],"replies":[{"embeddable":true,"href":"https:\/\/www.ebg.de\/en\/wp-json\/wp\/v2\/comments?post=12883"}],"version-history":[{"count":3,"href":"https:\/\/www.ebg.de\/en\/wp-json\/wp\/v2\/posts\/12883\/revisions"}],"predecessor-version":[{"id":12897,"href":"https:\/\/www.ebg.de\/en\/wp-json\/wp\/v2\/posts\/12883\/revisions\/12897"}],"wp:featuredmedia":[{"embeddable":true,"href":"https:\/\/www.ebg.de\/en\/wp-json\/wp\/v2\/media\/12892"}],"wp:attachment":[{"href":"https:\/\/www.ebg.de\/en\/wp-json\/wp\/v2\/media?parent=12883"}],"wp:term":[{"taxonomy":"category","embeddable":true,"href":"https:\/\/www.ebg.de\/en\/wp-json\/wp\/v2\/categories?post=12883"},{"taxonomy":"post_tag","embeddable":true,"href":"https:\/\/www.ebg.de\/en\/wp-json\/wp\/v2\/tags?post=12883"}],"curies":[{"name":"wp","href":"https:\/\/api.w.org\/{rel}","templated":true}]}}