{"id":12598,"date":"2021-07-21T15:45:32","date_gmt":"2021-07-21T13:45:32","guid":{"rendered":"https:\/\/www.ebg.de\/?p=12598"},"modified":"2021-07-22T08:45:24","modified_gmt":"2021-07-22T06:45:24","slug":"resozialisierungsprojekt-fuer-jugendliche-und-heranwachsende","status":"publish","type":"post","link":"https:\/\/www.ebg.de\/en\/resozialisierungsprojekt-fuer-jugendliche-und-heranwachsende\/","title":{"rendered":"Resozialisierungsprojekt f\u00fcr Jugendliche und Heranwachsende"},"content":{"rendered":"\n<p>In Kooperation mit dem Landratsamt Nordsachsen und der Stadtverwaltung Torgau startet das Europ\u00e4ische Bildungswerk f\u00fcr Beruf und Gesellschaft ein Resozialisierungsprojekt. Es geht dabei um die Unterst\u00fctzung und F\u00fchrung straff\u00e4llig gewordener Jugendlicher und Heranwachsender bei der Integration. Durch die Betreuung und Begleitung im Ableisten gemeinn\u00fctziger Arbeitsstunden, die vom Jugendgericht bestimmt worden sind, soll der Erwerb sozialer Kompetenzen gef\u00f6rdert und ein Bewusstsein f\u00fcr Unrecht entwickelt werden. <\/p>\n\n\n\n<p>Unsere Ausbilderin ist mit den Jugendlichen momentan im Projektabschnitt \u201eHilfe bei der Neugestaltung des Stadtteiltreffs in Torgau Nord-West\u201c besch\u00e4ftigt. Die straff\u00e4lligen Jugendlichen und Heranwachsenden unterst\u00fctzen hier die Malerprofis bei Renovierungsarbeiten des Stadtteiltreffs \u2013 ein interkultureller Raum zum Kennenlernen. <\/p>\n\n\n\n<p>Die n\u00e4chsten Projektabschnitte werden \u201eHilfe bei der Vorbereitung der Landesgartenschau\u201c sowie \u201eUnterst\u00fctzung im Hartenfelsstadion in Torgau\u201c sein.<\/p>\n","protected":false},"excerpt":{"rendered":"<p>In Kooperation mit dem Landratsamt Nordsachsen und der Stadtverwaltung Torgau startet das Europ\u00e4ische Bildungswerk f\u00fcr Beruf und Gesellschaft ein Resozialisierungsprojekt.<\/p>\n","protected":false},"author":8,"featured_media":12622,"comment_status":"closed","ping_status":"closed","sticky":false,"template":"","format":"standard","meta":{"_acf_changed":false,"footnotes":""},"categories":[32],"tags":[],"class_list":["post-12598","post","type-post","status-publish","format-standard","has-post-thumbnail","hentry","category-news-torgau-bildungszentrum"],"acf":[],"yoast_head":"<!-- This site is optimized with the Yoast SEO plugin v26.9 - https:\/\/yoast.com\/product\/yoast-seo-wordpress\/ -->\n<title>Resozialisierungsprojekt f\u00fcr Jugendliche und Heranwachsende - Europ\u00e4isches Bildungswerk f\u00fcr Beruf und Gesellschaft<\/title>\n<meta name=\"robots\" content=\"index, follow, max-snippet:-1, max-image-preview:large, max-video-preview:-1\" \/>\n<link rel=\"canonical\" href=\"https:\/\/www.ebg.de\/resozialisierungsprojekt-fuer-jugendliche-und-heranwachsende\/\" \/>\n<meta property=\"og:locale\" content=\"en_US\" \/>\n<meta property=\"og:type\" content=\"article\" \/>\n<meta property=\"og:title\" content=\"Resozialisierungsprojekt f\u00fcr Jugendliche und Heranwachsende - Europ\u00e4isches Bildungswerk f\u00fcr Beruf und Gesellschaft\" \/>\n<meta property=\"og:description\" content=\"In Kooperation mit dem Landratsamt Nordsachsen und der Stadtverwaltung Torgau startet das Europ\u00e4ische Bildungswerk f\u00fcr Beruf und Gesellschaft ein Resozialisierungsprojekt.\" \/>\n<meta property=\"og:url\" content=\"https:\/\/www.ebg.de\/resozialisierungsprojekt-fuer-jugendliche-und-heranwachsende\/\" \/>\n<meta property=\"og:site_name\" content=\"Europ\u00e4isches Bildungswerk f\u00fcr Beruf und Gesellschaft\" \/>\n<meta property=\"article:published_time\" content=\"2021-07-21T13:45:32+00:00\" \/>\n<meta property=\"article:modified_time\" content=\"2021-07-22T06:45:24+00:00\" \/>\n<meta property=\"og:image\" content=\"https:\/\/www.ebg.de\/wp-content\/uploads\/2021\/07\/torgau-projekt-resozialisierung-2.jpg\" \/>\n\t<meta property=\"og:image:width\" content=\"510\" \/>\n\t<meta property=\"og:image:height\" content=\"290\" \/>\n\t<meta property=\"og:image:type\" content=\"image\/jpeg\" \/>\n<meta name=\"author\" content=\"Christiane Selbig\" \/>\n<meta name=\"twitter:card\" content=\"summary_large_image\" \/>\n<meta name=\"twitter:label1\" content=\"Written by\" \/>\n\t<meta name=\"twitter:data1\" content=\"Christiane Selbig\" \/>\n\t<meta name=\"twitter:label2\" content=\"Est. reading time\" \/>\n\t<meta name=\"twitter:data2\" content=\"1 minute\" \/>\n<!-- \/ Yoast SEO plugin. -->","yoast_head_json":{"title":"Resozialisierungsprojekt f\u00fcr Jugendliche und Heranwachsende - Europ\u00e4isches Bildungswerk f\u00fcr Beruf und Gesellschaft","robots":{"index":"index","follow":"follow","max-snippet":"max-snippet:-1","max-image-preview":"max-image-preview:large","max-video-preview":"max-video-preview:-1"},"canonical":"https:\/\/www.ebg.de\/resozialisierungsprojekt-fuer-jugendliche-und-heranwachsende\/","og_locale":"en_US","og_type":"article","og_title":"Resozialisierungsprojekt f\u00fcr Jugendliche und Heranwachsende - Europ\u00e4isches Bildungswerk f\u00fcr Beruf und Gesellschaft","og_description":"In Kooperation mit dem Landratsamt Nordsachsen und der Stadtverwaltung Torgau startet das Europ\u00e4ische Bildungswerk f\u00fcr Beruf und Gesellschaft ein Resozialisierungsprojekt.","og_url":"https:\/\/www.ebg.de\/resozialisierungsprojekt-fuer-jugendliche-und-heranwachsende\/","og_site_name":"Europ\u00e4isches Bildungswerk f\u00fcr Beruf und Gesellschaft","article_published_time":"2021-07-21T13:45:32+00:00","article_modified_time":"2021-07-22T06:45:24+00:00","og_image":[{"width":510,"height":290,"url":"https:\/\/www.ebg.de\/wp-content\/uploads\/2021\/07\/torgau-projekt-resozialisierung-2.jpg","type":"image\/jpeg"}],"author":"Christiane Selbig","twitter_card":"summary_large_image","twitter_misc":{"Written by":"Christiane Selbig","Est. reading time":"1 minute"},"schema":{"@context":"https:\/\/schema.org","@graph":[{"@type":"Article","@id":"https:\/\/www.ebg.de\/resozialisierungsprojekt-fuer-jugendliche-und-heranwachsende\/#article","isPartOf":{"@id":"https:\/\/www.ebg.de\/resozialisierungsprojekt-fuer-jugendliche-und-heranwachsende\/"},"author":{"name":"Christiane Selbig","@id":"https:\/\/www.ebg.de\/#\/schema\/person\/841de16928f485ad75bab4e688fe3436"},"headline":"Resozialisierungsprojekt f\u00fcr Jugendliche und Heranwachsende","datePublished":"2021-07-21T13:45:32+00:00","dateModified":"2021-07-22T06:45:24+00:00","mainEntityOfPage":{"@id":"https:\/\/www.ebg.de\/resozialisierungsprojekt-fuer-jugendliche-und-heranwachsende\/"},"wordCount":137,"image":{"@id":"https:\/\/www.ebg.de\/resozialisierungsprojekt-fuer-jugendliche-und-heranwachsende\/#primaryimage"},"thumbnailUrl":"https:\/\/www.ebg.de\/wp-content\/uploads\/2021\/07\/torgau-projekt-resozialisierung-2.jpg","articleSection":["News - Torgau BZ"],"inLanguage":"en-US"},{"@type":"WebPage","@id":"https:\/\/www.ebg.de\/resozialisierungsprojekt-fuer-jugendliche-und-heranwachsende\/","url":"https:\/\/www.ebg.de\/resozialisierungsprojekt-fuer-jugendliche-und-heranwachsende\/","name":"Resozialisierungsprojekt f\u00fcr Jugendliche und Heranwachsende - Europ\u00e4isches Bildungswerk f\u00fcr Beruf und Gesellschaft","isPartOf":{"@id":"https:\/\/www.ebg.de\/#website"},"primaryImageOfPage":{"@id":"https:\/\/www.ebg.de\/resozialisierungsprojekt-fuer-jugendliche-und-heranwachsende\/#primaryimage"},"image":{"@id":"https:\/\/www.ebg.de\/resozialisierungsprojekt-fuer-jugendliche-und-heranwachsende\/#primaryimage"},"thumbnailUrl":"https:\/\/www.ebg.de\/wp-content\/uploads\/2021\/07\/torgau-projekt-resozialisierung-2.jpg","datePublished":"2021-07-21T13:45:32+00:00","dateModified":"2021-07-22T06:45:24+00:00","author":{"@id":"https:\/\/www.ebg.de\/#\/schema\/person\/841de16928f485ad75bab4e688fe3436"},"breadcrumb":{"@id":"https:\/\/www.ebg.de\/resozialisierungsprojekt-fuer-jugendliche-und-heranwachsende\/#breadcrumb"},"inLanguage":"en-US","potentialAction":[{"@type":"ReadAction","target":["https:\/\/www.ebg.de\/resozialisierungsprojekt-fuer-jugendliche-und-heranwachsende\/"]}]},{"@type":"ImageObject","inLanguage":"en-US","@id":"https:\/\/www.ebg.de\/resozialisierungsprojekt-fuer-jugendliche-und-heranwachsende\/#primaryimage","url":"https:\/\/www.ebg.de\/wp-content\/uploads\/2021\/07\/torgau-projekt-resozialisierung-2.jpg","contentUrl":"https:\/\/www.ebg.de\/wp-content\/uploads\/2021\/07\/torgau-projekt-resozialisierung-2.jpg","width":510,"height":290},{"@type":"BreadcrumbList","@id":"https:\/\/www.ebg.de\/resozialisierungsprojekt-fuer-jugendliche-und-heranwachsende\/#breadcrumb","itemListElement":[{"@type":"ListItem","position":1,"name":"Startseite","item":"https:\/\/www.ebg.de\/"},{"@type":"ListItem","position":2,"name":"Resozialisierungsprojekt f\u00fcr Jugendliche und Heranwachsende"}]},{"@type":"WebSite","@id":"https:\/\/www.ebg.de\/#website","url":"https:\/\/www.ebg.de\/","name":"Europ\u00e4isches Bildungswerk f\u00fcr Beruf und Gesellschaft","description":"Bildung, Ausbildung und Weiterbildung","potentialAction":[{"@type":"SearchAction","target":{"@type":"EntryPoint","urlTemplate":"https:\/\/www.ebg.de\/?s={search_term_string}"},"query-input":{"@type":"PropertyValueSpecification","valueRequired":true,"valueName":"search_term_string"}}],"inLanguage":"en-US"},{"@type":"Person","@id":"https:\/\/www.ebg.de\/#\/schema\/person\/841de16928f485ad75bab4e688fe3436","name":"Christiane Selbig","image":{"@type":"ImageObject","inLanguage":"en-US","@id":"https:\/\/www.ebg.de\/#\/schema\/person\/image\/","url":"https:\/\/secure.gravatar.com\/avatar\/2cc1d2ea88bd46e448d57ac18ac9f028486b7c08a90951b9d99326eeec001739?s=96&d=mm&r=g","contentUrl":"https:\/\/secure.gravatar.com\/avatar\/2cc1d2ea88bd46e448d57ac18ac9f028486b7c08a90951b9d99326eeec001739?s=96&d=mm&r=g","caption":"Christiane Selbig"},"url":"https:\/\/www.ebg.de\/en\/author\/cselbig\/"}]}},"_links":{"self":[{"href":"https:\/\/www.ebg.de\/en\/wp-json\/wp\/v2\/posts\/12598","targetHints":{"allow":["GET"]}}],"collection":[{"href":"https:\/\/www.ebg.de\/en\/wp-json\/wp\/v2\/posts"}],"about":[{"href":"https:\/\/www.ebg.de\/en\/wp-json\/wp\/v2\/types\/post"}],"author":[{"embeddable":true,"href":"https:\/\/www.ebg.de\/en\/wp-json\/wp\/v2\/users\/8"}],"replies":[{"embeddable":true,"href":"https:\/\/www.ebg.de\/en\/wp-json\/wp\/v2\/comments?post=12598"}],"version-history":[{"count":3,"href":"https:\/\/www.ebg.de\/en\/wp-json\/wp\/v2\/posts\/12598\/revisions"}],"predecessor-version":[{"id":12690,"href":"https:\/\/www.ebg.de\/en\/wp-json\/wp\/v2\/posts\/12598\/revisions\/12690"}],"wp:featuredmedia":[{"embeddable":true,"href":"https:\/\/www.ebg.de\/en\/wp-json\/wp\/v2\/media\/12622"}],"wp:attachment":[{"href":"https:\/\/www.ebg.de\/en\/wp-json\/wp\/v2\/media?parent=12598"}],"wp:term":[{"taxonomy":"category","embeddable":true,"href":"https:\/\/www.ebg.de\/en\/wp-json\/wp\/v2\/categories?post=12598"},{"taxonomy":"post_tag","embeddable":true,"href":"https:\/\/www.ebg.de\/en\/wp-json\/wp\/v2\/tags?post=12598"}],"curies":[{"name":"wp","href":"https:\/\/api.w.org\/{rel}","templated":true}]}}