{"id":1153,"date":"2018-02-27T13:44:28","date_gmt":"2018-02-27T12:44:28","guid":{"rendered":"http:\/\/www.ebg.de\/?p=1153"},"modified":"2018-02-27T13:45:25","modified_gmt":"2018-02-27T12:45:25","slug":"kennenlernfest-in-der-fachschule-fuer-sozialwesen","status":"publish","type":"post","link":"https:\/\/www.ebg.de\/en\/kennenlernfest-in-der-fachschule-fuer-sozialwesen\/","title":{"rendered":"Kennenlernfest in der Fachschule f\u00fcr Sozialwesen"},"content":{"rendered":"<p>Ein neues Schuljahr hat begonnen und wir sind nun das erste Ausbildungsjahr an der Fachschule f\u00fcr Sozialwesen des Europ\u00e4ischen Bildungswerkes f\u00fcr Beruf und Gesellschaft.<!--more--><\/p>\n<p>&nbsp;<\/p>\n<p><img loading=\"lazy\" decoding=\"async\" class=\"alignnone wp-image-1155 size-ebg-small\" src=\"http:\/\/www.ebg.de\/wp-content\/uploads\/2018\/02\/Bildschirmfoto-2018-02-08-um-16.16.38-400x176.png\" alt=\"\" width=\"400\" height=\"176\" \/>\u00a0\u00a0\u00a0 <img loading=\"lazy\" decoding=\"async\" class=\"alignnone wp-image-1161 size-ebg-gallery\" src=\"http:\/\/www.ebg.de\/wp-content\/uploads\/2018\/02\/Bildschirmfoto-2018-02-08-um-16.17.33-360x181.png\" alt=\"\" width=\"360\" height=\"181\" \/><br \/>\nDie erste Schulwoche bestand f\u00fcr uns aus der Organisation eines Kennenlernfestes, zum selbst gew\u00e4hlten Motto \u201eHerbstzauber\u201c , bei dem wir uns gleich mit dem Lehrpersonal und den anderen Sch\u00fclerinnen und Sch\u00fclern bekannt machten. Wir hatten daf\u00fcr f\u00fcnf vielf\u00e4ltige Stationen geplant. So wurden gemeinsam die Sinne gesch\u00e4rft, beim Speed Dating erste Kontakte gekn\u00fcpft, Bewegungsspiele zum Kennenlernen genutzt und beim Herbstquiz das Nachdenken angeregt. F\u00fcr das leibliche Wohl sorgten wir mit einem ansprechenden Buffet. Am Ende der Veranstaltung hatten wir alle anderen angehenden Erzieherinnen, Erzieher und Heilerziehungspflegerinnen aus der Vollzeitausbildung und das Lehrpersonal n\u00e4her kennen gelernt und erste Antworten auf unsere Fragen erhalten. Wir starten motiviert in das Schuljahr 2017\/2018.<\/p>\n<p><img loading=\"lazy\" decoding=\"async\" class=\"alignnone wp-image-1156 size-ebg-gallery\" src=\"http:\/\/www.ebg.de\/wp-content\/uploads\/2018\/02\/Bildschirmfoto-2018-02-08-um-16.16.48-360x181.png\" alt=\"\" width=\"360\" height=\"181\" \/> <img loading=\"lazy\" decoding=\"async\" class=\"alignnone wp-image-1157 size-ebg-gallery\" src=\"http:\/\/www.ebg.de\/wp-content\/uploads\/2018\/02\/Bildschirmfoto-2018-02-08-um-16.16.57-360x181.png\" alt=\"\" width=\"360\" height=\"181\" \/><\/p>\n<p><img loading=\"lazy\" decoding=\"async\" class=\"alignnone wp-image-1158 size-ebg-gallery\" src=\"http:\/\/www.ebg.de\/wp-content\/uploads\/2018\/02\/Bildschirmfoto-2018-02-08-um-16.17.04-360x181.png\" alt=\"\" width=\"360\" height=\"181\" \/> <img loading=\"lazy\" decoding=\"async\" class=\"alignnone wp-image-1159 size-ebg-gallery\" src=\"http:\/\/www.ebg.de\/wp-content\/uploads\/2018\/02\/Bildschirmfoto-2018-02-08-um-16.17.15-342x181.png\" alt=\"\" width=\"342\" height=\"181\" \/><\/p>\n<p>ERZ 2017 VZ und HEP 2017 VZ<\/p>\n","protected":false},"excerpt":{"rendered":"<p>Ein neues Schuljahr hat begonnen und wir sind nun das erste Ausbildungsjahr an der Fachschule f\u00fcr Sozialwesen des Europ\u00e4ischen Bildungswerkes f\u00fcr Beruf und Gesellschaft.<\/p>\n","protected":false},"author":2,"featured_media":0,"comment_status":"closed","ping_status":"closed","sticky":false,"template":"","format":"standard","meta":{"_acf_changed":false,"footnotes":""},"categories":[26],"tags":[],"class_list":["post-1153","post","type-post","status-publish","format-standard","hentry","category-news-brandenburg-schulen"],"acf":[],"yoast_head":"<!-- This site is optimized with the Yoast SEO plugin v26.9 - https:\/\/yoast.com\/product\/yoast-seo-wordpress\/ -->\n<title>Kennenlernfest in der Fachschule f\u00fcr Sozialwesen - Europ\u00e4isches Bildungswerk f\u00fcr Beruf und Gesellschaft<\/title>\n<meta name=\"robots\" content=\"index, follow, max-snippet:-1, max-image-preview:large, max-video-preview:-1\" \/>\n<link rel=\"canonical\" href=\"https:\/\/www.ebg.de\/kennenlernfest-in-der-fachschule-fuer-sozialwesen\/\" \/>\n<meta property=\"og:locale\" content=\"en_US\" \/>\n<meta property=\"og:type\" content=\"article\" \/>\n<meta property=\"og:title\" content=\"Kennenlernfest in der Fachschule f\u00fcr Sozialwesen - Europ\u00e4isches Bildungswerk f\u00fcr Beruf und Gesellschaft\" \/>\n<meta property=\"og:description\" content=\"Ein neues Schuljahr hat begonnen und wir sind nun das erste Ausbildungsjahr an der Fachschule f\u00fcr Sozialwesen des Europ\u00e4ischen Bildungswerkes f\u00fcr Beruf und Gesellschaft.\" \/>\n<meta property=\"og:url\" content=\"https:\/\/www.ebg.de\/kennenlernfest-in-der-fachschule-fuer-sozialwesen\/\" \/>\n<meta property=\"og:site_name\" content=\"Europ\u00e4isches Bildungswerk f\u00fcr Beruf und Gesellschaft\" \/>\n<meta property=\"article:published_time\" content=\"2018-02-27T12:44:28+00:00\" \/>\n<meta property=\"article:modified_time\" content=\"2018-02-27T12:45:25+00:00\" \/>\n<meta property=\"og:image\" content=\"https:\/\/www.ebg.de\/wp-content\/uploads\/2018\/02\/Bildschirmfoto-2018-02-08-um-16.16.22.png\" \/>\n\t<meta property=\"og:image:width\" content=\"362\" \/>\n\t<meta property=\"og:image:height\" content=\"243\" \/>\n\t<meta property=\"og:image:type\" content=\"image\/png\" \/>\n<meta name=\"author\" content=\"Carla R\u00f6blitz\" \/>\n<meta name=\"twitter:card\" content=\"summary_large_image\" \/>\n<meta name=\"twitter:label1\" content=\"Written by\" \/>\n\t<meta name=\"twitter:data1\" content=\"Carla R\u00f6blitz\" \/>\n\t<meta name=\"twitter:label2\" content=\"Est. reading time\" \/>\n\t<meta name=\"twitter:data2\" content=\"1 minute\" \/>\n<!-- \/ Yoast SEO plugin. -->","yoast_head_json":{"title":"Kennenlernfest in der Fachschule f\u00fcr Sozialwesen - Europ\u00e4isches Bildungswerk f\u00fcr Beruf und Gesellschaft","robots":{"index":"index","follow":"follow","max-snippet":"max-snippet:-1","max-image-preview":"max-image-preview:large","max-video-preview":"max-video-preview:-1"},"canonical":"https:\/\/www.ebg.de\/kennenlernfest-in-der-fachschule-fuer-sozialwesen\/","og_locale":"en_US","og_type":"article","og_title":"Kennenlernfest in der Fachschule f\u00fcr Sozialwesen - Europ\u00e4isches Bildungswerk f\u00fcr Beruf und Gesellschaft","og_description":"Ein neues Schuljahr hat begonnen und wir sind nun das erste Ausbildungsjahr an der Fachschule f\u00fcr Sozialwesen des Europ\u00e4ischen Bildungswerkes f\u00fcr Beruf und Gesellschaft.","og_url":"https:\/\/www.ebg.de\/kennenlernfest-in-der-fachschule-fuer-sozialwesen\/","og_site_name":"Europ\u00e4isches Bildungswerk f\u00fcr Beruf und Gesellschaft","article_published_time":"2018-02-27T12:44:28+00:00","article_modified_time":"2018-02-27T12:45:25+00:00","og_image":[{"width":362,"height":243,"url":"https:\/\/www.ebg.de\/wp-content\/uploads\/2018\/02\/Bildschirmfoto-2018-02-08-um-16.16.22.png","type":"image\/png"}],"author":"Carla R\u00f6blitz","twitter_card":"summary_large_image","twitter_misc":{"Written by":"Carla R\u00f6blitz","Est. reading time":"1 minute"},"schema":{"@context":"https:\/\/schema.org","@graph":[{"@type":"Article","@id":"https:\/\/www.ebg.de\/kennenlernfest-in-der-fachschule-fuer-sozialwesen\/#article","isPartOf":{"@id":"https:\/\/www.ebg.de\/kennenlernfest-in-der-fachschule-fuer-sozialwesen\/"},"author":{"name":"Carla R\u00f6blitz","@id":"https:\/\/www.ebg.de\/#\/schema\/person\/6194a3051c516578ca559a6b15ac8fd8"},"headline":"Kennenlernfest in der Fachschule f\u00fcr Sozialwesen","datePublished":"2018-02-27T12:44:28+00:00","dateModified":"2018-02-27T12:45:25+00:00","mainEntityOfPage":{"@id":"https:\/\/www.ebg.de\/kennenlernfest-in-der-fachschule-fuer-sozialwesen\/"},"wordCount":157,"image":{"@id":"https:\/\/www.ebg.de\/kennenlernfest-in-der-fachschule-fuer-sozialwesen\/#primaryimage"},"thumbnailUrl":"http:\/\/www.ebg.de\/wp-content\/uploads\/2018\/02\/Bildschirmfoto-2018-02-08-um-16.16.38-400x176.png","articleSection":["News - Brandenburg Schulen"],"inLanguage":"en-US"},{"@type":"WebPage","@id":"https:\/\/www.ebg.de\/kennenlernfest-in-der-fachschule-fuer-sozialwesen\/","url":"https:\/\/www.ebg.de\/kennenlernfest-in-der-fachschule-fuer-sozialwesen\/","name":"Kennenlernfest in der Fachschule f\u00fcr Sozialwesen - Europ\u00e4isches Bildungswerk f\u00fcr Beruf und Gesellschaft","isPartOf":{"@id":"https:\/\/www.ebg.de\/#website"},"primaryImageOfPage":{"@id":"https:\/\/www.ebg.de\/kennenlernfest-in-der-fachschule-fuer-sozialwesen\/#primaryimage"},"image":{"@id":"https:\/\/www.ebg.de\/kennenlernfest-in-der-fachschule-fuer-sozialwesen\/#primaryimage"},"thumbnailUrl":"http:\/\/www.ebg.de\/wp-content\/uploads\/2018\/02\/Bildschirmfoto-2018-02-08-um-16.16.38-400x176.png","datePublished":"2018-02-27T12:44:28+00:00","dateModified":"2018-02-27T12:45:25+00:00","author":{"@id":"https:\/\/www.ebg.de\/#\/schema\/person\/6194a3051c516578ca559a6b15ac8fd8"},"breadcrumb":{"@id":"https:\/\/www.ebg.de\/kennenlernfest-in-der-fachschule-fuer-sozialwesen\/#breadcrumb"},"inLanguage":"en-US","potentialAction":[{"@type":"ReadAction","target":["https:\/\/www.ebg.de\/kennenlernfest-in-der-fachschule-fuer-sozialwesen\/"]}]},{"@type":"ImageObject","inLanguage":"en-US","@id":"https:\/\/www.ebg.de\/kennenlernfest-in-der-fachschule-fuer-sozialwesen\/#primaryimage","url":"http:\/\/www.ebg.de\/wp-content\/uploads\/2018\/02\/Bildschirmfoto-2018-02-08-um-16.16.38-400x176.png","contentUrl":"http:\/\/www.ebg.de\/wp-content\/uploads\/2018\/02\/Bildschirmfoto-2018-02-08-um-16.16.38-400x176.png"},{"@type":"BreadcrumbList","@id":"https:\/\/www.ebg.de\/kennenlernfest-in-der-fachschule-fuer-sozialwesen\/#breadcrumb","itemListElement":[{"@type":"ListItem","position":1,"name":"Startseite","item":"https:\/\/www.ebg.de\/"},{"@type":"ListItem","position":2,"name":"Kennenlernfest in der Fachschule f\u00fcr Sozialwesen"}]},{"@type":"WebSite","@id":"https:\/\/www.ebg.de\/#website","url":"https:\/\/www.ebg.de\/","name":"Europ\u00e4isches Bildungswerk f\u00fcr Beruf und Gesellschaft","description":"Bildung, Ausbildung und Weiterbildung","potentialAction":[{"@type":"SearchAction","target":{"@type":"EntryPoint","urlTemplate":"https:\/\/www.ebg.de\/?s={search_term_string}"},"query-input":{"@type":"PropertyValueSpecification","valueRequired":true,"valueName":"search_term_string"}}],"inLanguage":"en-US"},{"@type":"Person","@id":"https:\/\/www.ebg.de\/#\/schema\/person\/6194a3051c516578ca559a6b15ac8fd8","name":"Carla R\u00f6blitz","image":{"@type":"ImageObject","inLanguage":"en-US","@id":"https:\/\/www.ebg.de\/#\/schema\/person\/image\/","url":"https:\/\/secure.gravatar.com\/avatar\/a857149204a48781b4d141524fc4cbc60c48bb5682271a5e2762174f7ac85a2d?s=96&d=mm&r=g","contentUrl":"https:\/\/secure.gravatar.com\/avatar\/a857149204a48781b4d141524fc4cbc60c48bb5682271a5e2762174f7ac85a2d?s=96&d=mm&r=g","caption":"Carla R\u00f6blitz"},"url":"https:\/\/www.ebg.de\/en\/author\/croeblitz\/"}]}},"_links":{"self":[{"href":"https:\/\/www.ebg.de\/en\/wp-json\/wp\/v2\/posts\/1153","targetHints":{"allow":["GET"]}}],"collection":[{"href":"https:\/\/www.ebg.de\/en\/wp-json\/wp\/v2\/posts"}],"about":[{"href":"https:\/\/www.ebg.de\/en\/wp-json\/wp\/v2\/types\/post"}],"author":[{"embeddable":true,"href":"https:\/\/www.ebg.de\/en\/wp-json\/wp\/v2\/users\/2"}],"replies":[{"embeddable":true,"href":"https:\/\/www.ebg.de\/en\/wp-json\/wp\/v2\/comments?post=1153"}],"version-history":[{"count":3,"href":"https:\/\/www.ebg.de\/en\/wp-json\/wp\/v2\/posts\/1153\/revisions"}],"predecessor-version":[{"id":1164,"href":"https:\/\/www.ebg.de\/en\/wp-json\/wp\/v2\/posts\/1153\/revisions\/1164"}],"wp:attachment":[{"href":"https:\/\/www.ebg.de\/en\/wp-json\/wp\/v2\/media?parent=1153"}],"wp:term":[{"taxonomy":"category","embeddable":true,"href":"https:\/\/www.ebg.de\/en\/wp-json\/wp\/v2\/categories?post=1153"},{"taxonomy":"post_tag","embeddable":true,"href":"https:\/\/www.ebg.de\/en\/wp-json\/wp\/v2\/tags?post=1153"}],"curies":[{"name":"wp","href":"https:\/\/api.w.org\/{rel}","templated":true}]}}