{"id":1149,"date":"2018-02-27T13:31:08","date_gmt":"2018-02-27T12:31:08","guid":{"rendered":"http:\/\/www.ebg.de\/?p=1149"},"modified":"2018-02-27T13:31:32","modified_gmt":"2018-02-27T12:31:32","slug":"25-kinderfilmfesttage-2016","status":"publish","type":"post","link":"https:\/\/www.ebg.de\/en\/25-kinderfilmfesttage-2016\/","title":{"rendered":"25. Kinderfilmfesttage 2016"},"content":{"rendered":"<p>Traditionell im November dieses Jahres fanden die 25. Kinderfilmfesttage im KiJu Brandenburg an der Havel statt. <!--more--><img loading=\"lazy\" decoding=\"async\" class=\"alignnone wp-image-1151 size-full\" src=\"http:\/\/www.ebg.de\/wp-content\/uploads\/2018\/02\/Hompagebericht-Filmtage-2016_Seite_1_Bild_0002.jpg\" alt=\"\" width=\"312\" height=\"224\" \/><\/p>\n<p>Das Thema dieser Filmtage war \u201eanders-artig\u201c. Wie auch schon in der vergangenen Zeit begleiteten die angehenden Erzieher\/innen der Fachschule f\u00fcr Sozialwesen des Europ\u00e4ischen Bildungswerkes f\u00fcr Beruf und Gesellschaft gGmbH das Projekt.<br \/>\nMit vielf\u00e4ltigen Ideen und Angeboten wurden die beiden Filme \u201eFlussfahrt mit Huhn\u201c und \u201eWinky will ein Pferd\u201c aufbereitet. Die Kinder der \u201eSchule am Krugpark\u201c, der \u201eJohann-Heinrich-Pestalozzi\u201c Schule, der Grundschule \u201eGebr\u00fcder Grimm\u201c und<br \/>\nder \u201eWilhelm Busch Schule\u201c waren mit voller Begeisterung dabei. Durch einen Gespr\u00e4chskreis mit den Kindern, konnten wir erfahren, was in dem Film \u201eWinky will ein Pferd\u201c bewegend und auch lustig war. Durch das Essen mit St\u00e4bchen wurde der Film f\u00fcr die Kinder interkulturell gestaltet. Ein Highlight bei der Bearbeitung des Filmes \u201eFlussfahrt mit Huhn\u201c war die Feuerstelle, an der Stockbrot gebacken werden konnte. Auch die einzelnen Stationen Kr\u00e4uter, Beeren, Pilze und Kompassorientierung fanden gro\u00dfen Anklang. Insgesamt war dieses Projekt f\u00fcr uns als angehende Erzieher\/innen und den Kindern eine wertvolle Bereicherung und Erfahrung. Wir freuen uns schon auf zuk\u00fcnftige Projekte und bedanken uns f\u00fcr die Zusammenarbeit bei allen Beteiligten.<br \/>\nERZ 2015 VZ<\/p>\n","protected":false},"excerpt":{"rendered":"<p>Traditionell im November dieses Jahres fanden die 25. Kinderfilmfesttage im KiJu Brandenburg an der Havel statt.<\/p>\n","protected":false},"author":2,"featured_media":0,"comment_status":"closed","ping_status":"closed","sticky":false,"template":"","format":"standard","meta":{"_acf_changed":false,"footnotes":""},"categories":[26],"tags":[],"class_list":["post-1149","post","type-post","status-publish","format-standard","hentry","category-news-brandenburg-schulen"],"acf":[],"yoast_head":"<!-- This site is optimized with the Yoast SEO plugin v26.9 - https:\/\/yoast.com\/product\/yoast-seo-wordpress\/ -->\n<title>25. Kinderfilmfesttage 2016 - Europ\u00e4isches Bildungswerk f\u00fcr Beruf und Gesellschaft<\/title>\n<meta name=\"robots\" content=\"index, follow, max-snippet:-1, max-image-preview:large, max-video-preview:-1\" \/>\n<link rel=\"canonical\" href=\"https:\/\/www.ebg.de\/25-kinderfilmfesttage-2016\/\" \/>\n<meta property=\"og:locale\" content=\"en_US\" \/>\n<meta property=\"og:type\" content=\"article\" \/>\n<meta property=\"og:title\" content=\"25. Kinderfilmfesttage 2016 - Europ\u00e4isches Bildungswerk f\u00fcr Beruf und Gesellschaft\" \/>\n<meta property=\"og:description\" content=\"Traditionell im November dieses Jahres fanden die 25. Kinderfilmfesttage im KiJu Brandenburg an der Havel statt.\" \/>\n<meta property=\"og:url\" content=\"https:\/\/www.ebg.de\/25-kinderfilmfesttage-2016\/\" \/>\n<meta property=\"og:site_name\" content=\"Europ\u00e4isches Bildungswerk f\u00fcr Beruf und Gesellschaft\" \/>\n<meta property=\"article:published_time\" content=\"2018-02-27T12:31:08+00:00\" \/>\n<meta property=\"article:modified_time\" content=\"2018-02-27T12:31:32+00:00\" \/>\n<meta property=\"og:image\" content=\"https:\/\/www.ebg.de\/wp-content\/uploads\/2018\/02\/Hompagebericht-Filmtage-2016_Seite_1_Bild_0001.jpg\" \/>\n\t<meta property=\"og:image:width\" content=\"1387\" \/>\n\t<meta property=\"og:image:height\" content=\"1066\" \/>\n\t<meta property=\"og:image:type\" content=\"image\/jpeg\" \/>\n<meta name=\"author\" content=\"Carla R\u00f6blitz\" \/>\n<meta name=\"twitter:card\" content=\"summary_large_image\" \/>\n<meta name=\"twitter:label1\" content=\"Written by\" \/>\n\t<meta name=\"twitter:data1\" content=\"Carla R\u00f6blitz\" \/>\n\t<meta name=\"twitter:label2\" content=\"Est. reading time\" \/>\n\t<meta name=\"twitter:data2\" content=\"1 minute\" \/>\n<!-- \/ Yoast SEO plugin. -->","yoast_head_json":{"title":"25. Kinderfilmfesttage 2016 - Europ\u00e4isches Bildungswerk f\u00fcr Beruf und Gesellschaft","robots":{"index":"index","follow":"follow","max-snippet":"max-snippet:-1","max-image-preview":"max-image-preview:large","max-video-preview":"max-video-preview:-1"},"canonical":"https:\/\/www.ebg.de\/25-kinderfilmfesttage-2016\/","og_locale":"en_US","og_type":"article","og_title":"25. Kinderfilmfesttage 2016 - Europ\u00e4isches Bildungswerk f\u00fcr Beruf und Gesellschaft","og_description":"Traditionell im November dieses Jahres fanden die 25. Kinderfilmfesttage im KiJu Brandenburg an der Havel statt.","og_url":"https:\/\/www.ebg.de\/25-kinderfilmfesttage-2016\/","og_site_name":"Europ\u00e4isches Bildungswerk f\u00fcr Beruf und Gesellschaft","article_published_time":"2018-02-27T12:31:08+00:00","article_modified_time":"2018-02-27T12:31:32+00:00","og_image":[{"width":1387,"height":1066,"url":"https:\/\/www.ebg.de\/wp-content\/uploads\/2018\/02\/Hompagebericht-Filmtage-2016_Seite_1_Bild_0001.jpg","type":"image\/jpeg"}],"author":"Carla R\u00f6blitz","twitter_card":"summary_large_image","twitter_misc":{"Written by":"Carla R\u00f6blitz","Est. reading time":"1 minute"},"schema":{"@context":"https:\/\/schema.org","@graph":[{"@type":"Article","@id":"https:\/\/www.ebg.de\/25-kinderfilmfesttage-2016\/#article","isPartOf":{"@id":"https:\/\/www.ebg.de\/25-kinderfilmfesttage-2016\/"},"author":{"name":"Carla R\u00f6blitz","@id":"https:\/\/www.ebg.de\/#\/schema\/person\/6194a3051c516578ca559a6b15ac8fd8"},"headline":"25. Kinderfilmfesttage 2016","datePublished":"2018-02-27T12:31:08+00:00","dateModified":"2018-02-27T12:31:32+00:00","mainEntityOfPage":{"@id":"https:\/\/www.ebg.de\/25-kinderfilmfesttage-2016\/"},"wordCount":204,"image":{"@id":"https:\/\/www.ebg.de\/25-kinderfilmfesttage-2016\/#primaryimage"},"thumbnailUrl":"http:\/\/www.ebg.de\/wp-content\/uploads\/2018\/02\/Hompagebericht-Filmtage-2016_Seite_1_Bild_0002.jpg","articleSection":["News - Brandenburg Schulen"],"inLanguage":"en-US"},{"@type":"WebPage","@id":"https:\/\/www.ebg.de\/25-kinderfilmfesttage-2016\/","url":"https:\/\/www.ebg.de\/25-kinderfilmfesttage-2016\/","name":"25. Kinderfilmfesttage 2016 - Europ\u00e4isches Bildungswerk f\u00fcr Beruf und Gesellschaft","isPartOf":{"@id":"https:\/\/www.ebg.de\/#website"},"primaryImageOfPage":{"@id":"https:\/\/www.ebg.de\/25-kinderfilmfesttage-2016\/#primaryimage"},"image":{"@id":"https:\/\/www.ebg.de\/25-kinderfilmfesttage-2016\/#primaryimage"},"thumbnailUrl":"http:\/\/www.ebg.de\/wp-content\/uploads\/2018\/02\/Hompagebericht-Filmtage-2016_Seite_1_Bild_0002.jpg","datePublished":"2018-02-27T12:31:08+00:00","dateModified":"2018-02-27T12:31:32+00:00","author":{"@id":"https:\/\/www.ebg.de\/#\/schema\/person\/6194a3051c516578ca559a6b15ac8fd8"},"breadcrumb":{"@id":"https:\/\/www.ebg.de\/25-kinderfilmfesttage-2016\/#breadcrumb"},"inLanguage":"en-US","potentialAction":[{"@type":"ReadAction","target":["https:\/\/www.ebg.de\/25-kinderfilmfesttage-2016\/"]}]},{"@type":"ImageObject","inLanguage":"en-US","@id":"https:\/\/www.ebg.de\/25-kinderfilmfesttage-2016\/#primaryimage","url":"http:\/\/www.ebg.de\/wp-content\/uploads\/2018\/02\/Hompagebericht-Filmtage-2016_Seite_1_Bild_0002.jpg","contentUrl":"http:\/\/www.ebg.de\/wp-content\/uploads\/2018\/02\/Hompagebericht-Filmtage-2016_Seite_1_Bild_0002.jpg"},{"@type":"BreadcrumbList","@id":"https:\/\/www.ebg.de\/25-kinderfilmfesttage-2016\/#breadcrumb","itemListElement":[{"@type":"ListItem","position":1,"name":"Startseite","item":"https:\/\/www.ebg.de\/"},{"@type":"ListItem","position":2,"name":"25. Kinderfilmfesttage 2016"}]},{"@type":"WebSite","@id":"https:\/\/www.ebg.de\/#website","url":"https:\/\/www.ebg.de\/","name":"Europ\u00e4isches Bildungswerk f\u00fcr Beruf und Gesellschaft","description":"Bildung, Ausbildung und Weiterbildung","potentialAction":[{"@type":"SearchAction","target":{"@type":"EntryPoint","urlTemplate":"https:\/\/www.ebg.de\/?s={search_term_string}"},"query-input":{"@type":"PropertyValueSpecification","valueRequired":true,"valueName":"search_term_string"}}],"inLanguage":"en-US"},{"@type":"Person","@id":"https:\/\/www.ebg.de\/#\/schema\/person\/6194a3051c516578ca559a6b15ac8fd8","name":"Carla R\u00f6blitz","image":{"@type":"ImageObject","inLanguage":"en-US","@id":"https:\/\/www.ebg.de\/#\/schema\/person\/image\/","url":"https:\/\/secure.gravatar.com\/avatar\/a857149204a48781b4d141524fc4cbc60c48bb5682271a5e2762174f7ac85a2d?s=96&d=mm&r=g","contentUrl":"https:\/\/secure.gravatar.com\/avatar\/a857149204a48781b4d141524fc4cbc60c48bb5682271a5e2762174f7ac85a2d?s=96&d=mm&r=g","caption":"Carla R\u00f6blitz"},"url":"https:\/\/www.ebg.de\/en\/author\/croeblitz\/"}]}},"_links":{"self":[{"href":"https:\/\/www.ebg.de\/en\/wp-json\/wp\/v2\/posts\/1149","targetHints":{"allow":["GET"]}}],"collection":[{"href":"https:\/\/www.ebg.de\/en\/wp-json\/wp\/v2\/posts"}],"about":[{"href":"https:\/\/www.ebg.de\/en\/wp-json\/wp\/v2\/types\/post"}],"author":[{"embeddable":true,"href":"https:\/\/www.ebg.de\/en\/wp-json\/wp\/v2\/users\/2"}],"replies":[{"embeddable":true,"href":"https:\/\/www.ebg.de\/en\/wp-json\/wp\/v2\/comments?post=1149"}],"version-history":[{"count":1,"href":"https:\/\/www.ebg.de\/en\/wp-json\/wp\/v2\/posts\/1149\/revisions"}],"predecessor-version":[{"id":1152,"href":"https:\/\/www.ebg.de\/en\/wp-json\/wp\/v2\/posts\/1149\/revisions\/1152"}],"wp:attachment":[{"href":"https:\/\/www.ebg.de\/en\/wp-json\/wp\/v2\/media?parent=1149"}],"wp:term":[{"taxonomy":"category","embeddable":true,"href":"https:\/\/www.ebg.de\/en\/wp-json\/wp\/v2\/categories?post=1149"},{"taxonomy":"post_tag","embeddable":true,"href":"https:\/\/www.ebg.de\/en\/wp-json\/wp\/v2\/tags?post=1149"}],"curies":[{"name":"wp","href":"https:\/\/api.w.org\/{rel}","templated":true}]}}