{"id":10903,"date":"2021-07-05T10:47:22","date_gmt":"2021-07-05T08:47:22","guid":{"rendered":"https:\/\/www.ebg.de\/?p=10903"},"modified":"2021-07-22T08:20:38","modified_gmt":"2021-07-22T06:20:38","slug":"tag-der-offenen-tuer-fbz-md","status":"publish","type":"post","link":"https:\/\/www.ebg.de\/en\/tag-der-offenen-tuer-fbz-md\/","title":{"rendered":"Tag der offenen T\u00fcr im Fach- und Berufsfachschulzentrum Magdeburg"},"content":{"rendered":"\n<p>Unser Tag der offenen T\u00fcr fand <strong>am 03. Juli 2021, 10.00 Uhr &#8211; 13.00 Uhr<br>im 6. OG <\/strong>der <strong>Maxim-Gorki-Stra\u00dfe 14<\/strong> in <strong>Magdeburg<\/strong> statt.<br>Hoch \u00fcber den sommerlichen D\u00e4chern Magdeburgs informierten sich zahlreiche Besucher bei unseren Lehrern \u00fcber unsere im <strong>August<\/strong> startenden Ausbildungsangebote. <br>Herzlichen Dank, auch im Namen der Gesch\u00e4ftsf\u00fchrung, f\u00fcr das tolle Engagement des Teams des Magdeburger Fach-und Berufsfachschulzentrums!!<\/p>\n\n\n\n<p><br><\/p>\n\n\n\n<figure class=\"wp-block-image size-large\"><img loading=\"lazy\" decoding=\"async\" width=\"1024\" height=\"683\" src=\"https:\/\/www.ebg.de\/wp-content\/uploads\/2021\/07\/IMG_4618-1024x683.jpg\" alt=\"\" class=\"wp-image-10907\" srcset=\"https:\/\/www.ebg.de\/wp-content\/uploads\/2021\/07\/IMG_4618-1024x683.jpg 1024w, https:\/\/www.ebg.de\/wp-content\/uploads\/2021\/07\/IMG_4618-300x200.jpg 300w, https:\/\/www.ebg.de\/wp-content\/uploads\/2021\/07\/IMG_4618-768x512.jpg 768w, https:\/\/www.ebg.de\/wp-content\/uploads\/2021\/07\/IMG_4618-1536x1024.jpg 1536w, https:\/\/www.ebg.de\/wp-content\/uploads\/2021\/07\/IMG_4618-2048x1365.jpg 2048w, https:\/\/www.ebg.de\/wp-content\/uploads\/2021\/07\/IMG_4618-900x600.jpg 900w, https:\/\/www.ebg.de\/wp-content\/uploads\/2021\/07\/IMG_4618-1200x800.jpg 1200w\" sizes=\"auto, (max-width: 1024px) 100vw, 1024px\" \/><\/figure>\n\n\n\n<figure class=\"wp-block-gallery columns-3 is-cropped wp-block-gallery-1 is-layout-flex wp-block-gallery-is-layout-flex\"><ul class=\"blocks-gallery-grid\"><li class=\"blocks-gallery-item\"><figure><img loading=\"lazy\" decoding=\"async\" width=\"1024\" height=\"963\" src=\"https:\/\/www.ebg.de\/wp-content\/uploads\/2021\/07\/IMG_4701-1024x963.jpg\" alt=\"\" data-id=\"10905\" data-link=\"https:\/\/www.ebg.de\/tag-der-offenen-tuer-fbz-md\/img_4701\/\" class=\"wp-image-10905\" srcset=\"https:\/\/www.ebg.de\/wp-content\/uploads\/2021\/07\/IMG_4701-1024x963.jpg 1024w, https:\/\/www.ebg.de\/wp-content\/uploads\/2021\/07\/IMG_4701-300x282.jpg 300w, https:\/\/www.ebg.de\/wp-content\/uploads\/2021\/07\/IMG_4701-768x722.jpg 768w, https:\/\/www.ebg.de\/wp-content\/uploads\/2021\/07\/IMG_4701-1536x1444.jpg 1536w, https:\/\/www.ebg.de\/wp-content\/uploads\/2021\/07\/IMG_4701-2048x1925.jpg 2048w, https:\/\/www.ebg.de\/wp-content\/uploads\/2021\/07\/IMG_4701-900x846.jpg 900w, https:\/\/www.ebg.de\/wp-content\/uploads\/2021\/07\/IMG_4701-1200x1128.jpg 1200w\" sizes=\"auto, (max-width: 1024px) 100vw, 1024px\" \/><\/figure><\/li><li class=\"blocks-gallery-item\"><figure><img loading=\"lazy\" decoding=\"async\" width=\"1024\" height=\"706\" src=\"https:\/\/www.ebg.de\/wp-content\/uploads\/2021\/07\/IMG_4635-1024x706.jpg\" alt=\"\" data-id=\"10909\" data-link=\"https:\/\/www.ebg.de\/tag-der-offenen-tuer-fbz-md\/img_4635\/\" class=\"wp-image-10909\" srcset=\"https:\/\/www.ebg.de\/wp-content\/uploads\/2021\/07\/IMG_4635-1024x706.jpg 1024w, https:\/\/www.ebg.de\/wp-content\/uploads\/2021\/07\/IMG_4635-300x207.jpg 300w, https:\/\/www.ebg.de\/wp-content\/uploads\/2021\/07\/IMG_4635-768x529.jpg 768w, https:\/\/www.ebg.de\/wp-content\/uploads\/2021\/07\/IMG_4635-1536x1059.jpg 1536w, https:\/\/www.ebg.de\/wp-content\/uploads\/2021\/07\/IMG_4635-2048x1412.jpg 2048w, https:\/\/www.ebg.de\/wp-content\/uploads\/2021\/07\/IMG_4635-900x620.jpg 900w, https:\/\/www.ebg.de\/wp-content\/uploads\/2021\/07\/IMG_4635-1200x827.jpg 1200w\" sizes=\"auto, (max-width: 1024px) 100vw, 1024px\" \/><\/figure><\/li><li class=\"blocks-gallery-item\"><figure><img loading=\"lazy\" decoding=\"async\" width=\"1024\" height=\"683\" src=\"https:\/\/www.ebg.de\/wp-content\/uploads\/2021\/07\/IMG_4632-1024x683.jpg\" alt=\"\" data-id=\"10911\" data-link=\"https:\/\/www.ebg.de\/tag-der-offenen-tuer-fbz-md\/img_4632\/\" class=\"wp-image-10911\" srcset=\"https:\/\/www.ebg.de\/wp-content\/uploads\/2021\/07\/IMG_4632-1024x683.jpg 1024w, https:\/\/www.ebg.de\/wp-content\/uploads\/2021\/07\/IMG_4632-300x200.jpg 300w, https:\/\/www.ebg.de\/wp-content\/uploads\/2021\/07\/IMG_4632-768x512.jpg 768w, https:\/\/www.ebg.de\/wp-content\/uploads\/2021\/07\/IMG_4632-1536x1024.jpg 1536w, https:\/\/www.ebg.de\/wp-content\/uploads\/2021\/07\/IMG_4632-2048x1365.jpg 2048w, https:\/\/www.ebg.de\/wp-content\/uploads\/2021\/07\/IMG_4632-900x600.jpg 900w, https:\/\/www.ebg.de\/wp-content\/uploads\/2021\/07\/IMG_4632-1200x800.jpg 1200w\" sizes=\"auto, (max-width: 1024px) 100vw, 1024px\" \/><\/figure><\/li><li class=\"blocks-gallery-item\"><figure><img loading=\"lazy\" decoding=\"async\" width=\"1024\" height=\"752\" src=\"https:\/\/www.ebg.de\/wp-content\/uploads\/2021\/07\/IMG_4637-1024x752.jpg\" alt=\"\" data-id=\"10915\" data-link=\"https:\/\/www.ebg.de\/tag-der-offenen-tuer-fbz-md\/img_4637\/\" class=\"wp-image-10915\" srcset=\"https:\/\/www.ebg.de\/wp-content\/uploads\/2021\/07\/IMG_4637-1024x752.jpg 1024w, https:\/\/www.ebg.de\/wp-content\/uploads\/2021\/07\/IMG_4637-300x220.jpg 300w, https:\/\/www.ebg.de\/wp-content\/uploads\/2021\/07\/IMG_4637-768x564.jpg 768w, https:\/\/www.ebg.de\/wp-content\/uploads\/2021\/07\/IMG_4637-1536x1129.jpg 1536w, https:\/\/www.ebg.de\/wp-content\/uploads\/2021\/07\/IMG_4637-2048x1505.jpg 2048w, https:\/\/www.ebg.de\/wp-content\/uploads\/2021\/07\/IMG_4637-900x661.jpg 900w, https:\/\/www.ebg.de\/wp-content\/uploads\/2021\/07\/IMG_4637-1200x882.jpg 1200w\" sizes=\"auto, (max-width: 1024px) 100vw, 1024px\" \/><\/figure><\/li><li class=\"blocks-gallery-item\"><figure><img loading=\"lazy\" decoding=\"async\" width=\"1024\" height=\"683\" src=\"https:\/\/www.ebg.de\/wp-content\/uploads\/2021\/07\/IMG_4687-1024x683.jpg\" alt=\"\" data-id=\"10913\" data-link=\"https:\/\/www.ebg.de\/tag-der-offenen-tuer-fbz-md\/img_4687\/\" class=\"wp-image-10913\" srcset=\"https:\/\/www.ebg.de\/wp-content\/uploads\/2021\/07\/IMG_4687-1024x683.jpg 1024w, https:\/\/www.ebg.de\/wp-content\/uploads\/2021\/07\/IMG_4687-300x200.jpg 300w, https:\/\/www.ebg.de\/wp-content\/uploads\/2021\/07\/IMG_4687-768x512.jpg 768w, https:\/\/www.ebg.de\/wp-content\/uploads\/2021\/07\/IMG_4687-1536x1024.jpg 1536w, https:\/\/www.ebg.de\/wp-content\/uploads\/2021\/07\/IMG_4687-2048x1365.jpg 2048w, https:\/\/www.ebg.de\/wp-content\/uploads\/2021\/07\/IMG_4687-900x600.jpg 900w, https:\/\/www.ebg.de\/wp-content\/uploads\/2021\/07\/IMG_4687-1200x800.jpg 1200w\" sizes=\"auto, (max-width: 1024px) 100vw, 1024px\" \/><\/figure><\/li><li class=\"blocks-gallery-item\"><figure><img loading=\"lazy\" decoding=\"async\" width=\"1024\" height=\"683\" src=\"https:\/\/www.ebg.de\/wp-content\/uploads\/2021\/07\/IMG_4660-1024x683.jpg\" alt=\"\" data-id=\"12679\" data-link=\"https:\/\/www.ebg.de\/tag-der-offenen-tuer-fbz-md\/img_4660\/\" class=\"wp-image-12679\" srcset=\"https:\/\/www.ebg.de\/wp-content\/uploads\/2021\/07\/IMG_4660-1024x683.jpg 1024w, https:\/\/www.ebg.de\/wp-content\/uploads\/2021\/07\/IMG_4660-300x200.jpg 300w, https:\/\/www.ebg.de\/wp-content\/uploads\/2021\/07\/IMG_4660-768x512.jpg 768w, https:\/\/www.ebg.de\/wp-content\/uploads\/2021\/07\/IMG_4660-1536x1024.jpg 1536w, https:\/\/www.ebg.de\/wp-content\/uploads\/2021\/07\/IMG_4660-2048x1365.jpg 2048w, https:\/\/www.ebg.de\/wp-content\/uploads\/2021\/07\/IMG_4660-900x600.jpg 900w, https:\/\/www.ebg.de\/wp-content\/uploads\/2021\/07\/IMG_4660-1200x800.jpg 1200w\" sizes=\"auto, (max-width: 1024px) 100vw, 1024px\" \/><\/figure><\/li><li class=\"blocks-gallery-item\"><figure><img loading=\"lazy\" decoding=\"async\" width=\"1024\" height=\"683\" src=\"https:\/\/www.ebg.de\/wp-content\/uploads\/2021\/07\/IMG_4669-1024x683.jpg\" alt=\"\" data-id=\"12681\" data-link=\"https:\/\/www.ebg.de\/tag-der-offenen-tuer-fbz-md\/img_4669\/\" class=\"wp-image-12681\" srcset=\"https:\/\/www.ebg.de\/wp-content\/uploads\/2021\/07\/IMG_4669-1024x683.jpg 1024w, https:\/\/www.ebg.de\/wp-content\/uploads\/2021\/07\/IMG_4669-300x200.jpg 300w, https:\/\/www.ebg.de\/wp-content\/uploads\/2021\/07\/IMG_4669-768x512.jpg 768w, https:\/\/www.ebg.de\/wp-content\/uploads\/2021\/07\/IMG_4669-1536x1024.jpg 1536w, https:\/\/www.ebg.de\/wp-content\/uploads\/2021\/07\/IMG_4669-2048x1365.jpg 2048w, https:\/\/www.ebg.de\/wp-content\/uploads\/2021\/07\/IMG_4669-900x600.jpg 900w, https:\/\/www.ebg.de\/wp-content\/uploads\/2021\/07\/IMG_4669-1200x800.jpg 1200w\" sizes=\"auto, (max-width: 1024px) 100vw, 1024px\" \/><\/figure><\/li><li class=\"blocks-gallery-item\"><figure><img loading=\"lazy\" decoding=\"async\" width=\"1024\" height=\"337\" src=\"https:\/\/www.ebg.de\/wp-content\/uploads\/2021\/07\/IMG_4662-1024x337.jpg\" alt=\"\" data-id=\"12685\" data-full-url=\"https:\/\/www.ebg.de\/wp-content\/uploads\/2021\/07\/IMG_4662-scaled.jpg\" data-link=\"https:\/\/www.ebg.de\/tag-der-offenen-tuer-fbz-md\/img_4662\/\" class=\"wp-image-12685\" srcset=\"https:\/\/www.ebg.de\/wp-content\/uploads\/2021\/07\/IMG_4662-1024x337.jpg 1024w, https:\/\/www.ebg.de\/wp-content\/uploads\/2021\/07\/IMG_4662-300x99.jpg 300w, https:\/\/www.ebg.de\/wp-content\/uploads\/2021\/07\/IMG_4662-768x253.jpg 768w, https:\/\/www.ebg.de\/wp-content\/uploads\/2021\/07\/IMG_4662-1536x506.jpg 1536w, https:\/\/www.ebg.de\/wp-content\/uploads\/2021\/07\/IMG_4662-2048x674.jpg 2048w, https:\/\/www.ebg.de\/wp-content\/uploads\/2021\/07\/IMG_4662-900x296.jpg 900w, https:\/\/www.ebg.de\/wp-content\/uploads\/2021\/07\/IMG_4662-1200x395.jpg 1200w\" sizes=\"auto, (max-width: 1024px) 100vw, 1024px\" \/><\/figure><\/li><\/ul><\/figure>\n","protected":false},"excerpt":{"rendered":"<p>Volles Haus, live und in Farbe!<\/p>\n","protected":false},"author":22,"featured_media":10905,"comment_status":"closed","ping_status":"closed","sticky":false,"template":"","format":"standard","meta":{"_acf_changed":false,"footnotes":""},"categories":[19],"tags":[],"class_list":["post-10903","post","type-post","status-publish","format-standard","has-post-thumbnail","hentry","category-news-magdeburg-schulen"],"acf":[],"yoast_head":"<!-- This site is optimized with the Yoast SEO plugin v26.9 - https:\/\/yoast.com\/product\/yoast-seo-wordpress\/ -->\n<title>Tag der offenen T\u00fcr im Fach- und Berufsfachschulzentrum Magdeburg - Europ\u00e4isches Bildungswerk f\u00fcr Beruf und Gesellschaft<\/title>\n<meta name=\"robots\" content=\"index, follow, max-snippet:-1, max-image-preview:large, max-video-preview:-1\" \/>\n<link rel=\"canonical\" href=\"https:\/\/www.ebg.de\/tag-der-offenen-tuer-fbz-md\/\" \/>\n<meta property=\"og:locale\" content=\"en_US\" \/>\n<meta property=\"og:type\" content=\"article\" \/>\n<meta property=\"og:title\" content=\"Tag der offenen T\u00fcr im Fach- und Berufsfachschulzentrum Magdeburg - Europ\u00e4isches Bildungswerk f\u00fcr Beruf und Gesellschaft\" \/>\n<meta property=\"og:description\" content=\"Volles Haus, live und in Farbe!\" \/>\n<meta property=\"og:url\" content=\"https:\/\/www.ebg.de\/tag-der-offenen-tuer-fbz-md\/\" \/>\n<meta property=\"og:site_name\" content=\"Europ\u00e4isches Bildungswerk f\u00fcr Beruf und Gesellschaft\" \/>\n<meta property=\"article:published_time\" content=\"2021-07-05T08:47:22+00:00\" \/>\n<meta property=\"article:modified_time\" content=\"2021-07-22T06:20:38+00:00\" \/>\n<meta property=\"og:image\" content=\"https:\/\/www.ebg.de\/wp-content\/uploads\/2021\/07\/IMG_4701-scaled.jpg\" \/>\n\t<meta property=\"og:image:width\" content=\"2560\" \/>\n\t<meta property=\"og:image:height\" content=\"2407\" \/>\n\t<meta property=\"og:image:type\" content=\"image\/jpeg\" \/>\n<meta name=\"author\" content=\"Stephan Deubner\" \/>\n<meta name=\"twitter:card\" content=\"summary_large_image\" \/>\n<meta name=\"twitter:label1\" content=\"Written by\" \/>\n\t<meta name=\"twitter:data1\" content=\"Stephan Deubner\" \/>\n<!-- \/ Yoast SEO plugin. -->","yoast_head_json":{"title":"Tag der offenen T\u00fcr im Fach- und Berufsfachschulzentrum Magdeburg - Europ\u00e4isches Bildungswerk f\u00fcr Beruf und Gesellschaft","robots":{"index":"index","follow":"follow","max-snippet":"max-snippet:-1","max-image-preview":"max-image-preview:large","max-video-preview":"max-video-preview:-1"},"canonical":"https:\/\/www.ebg.de\/tag-der-offenen-tuer-fbz-md\/","og_locale":"en_US","og_type":"article","og_title":"Tag der offenen T\u00fcr im Fach- und Berufsfachschulzentrum Magdeburg - Europ\u00e4isches Bildungswerk f\u00fcr Beruf und Gesellschaft","og_description":"Volles Haus, live und in Farbe!","og_url":"https:\/\/www.ebg.de\/tag-der-offenen-tuer-fbz-md\/","og_site_name":"Europ\u00e4isches Bildungswerk f\u00fcr Beruf und Gesellschaft","article_published_time":"2021-07-05T08:47:22+00:00","article_modified_time":"2021-07-22T06:20:38+00:00","og_image":[{"width":2560,"height":2407,"url":"https:\/\/www.ebg.de\/wp-content\/uploads\/2021\/07\/IMG_4701-scaled.jpg","type":"image\/jpeg"}],"author":"Stephan Deubner","twitter_card":"summary_large_image","twitter_misc":{"Written by":"Stephan Deubner"},"schema":{"@context":"https:\/\/schema.org","@graph":[{"@type":"Article","@id":"https:\/\/www.ebg.de\/tag-der-offenen-tuer-fbz-md\/#article","isPartOf":{"@id":"https:\/\/www.ebg.de\/tag-der-offenen-tuer-fbz-md\/"},"author":{"name":"Stephan Deubner","@id":"https:\/\/www.ebg.de\/#\/schema\/person\/af645ea1741029d9a44ae532ceb268bc"},"headline":"Tag der offenen T\u00fcr im Fach- und Berufsfachschulzentrum Magdeburg","datePublished":"2021-07-05T08:47:22+00:00","dateModified":"2021-07-22T06:20:38+00:00","mainEntityOfPage":{"@id":"https:\/\/www.ebg.de\/tag-der-offenen-tuer-fbz-md\/"},"wordCount":69,"image":{"@id":"https:\/\/www.ebg.de\/tag-der-offenen-tuer-fbz-md\/#primaryimage"},"thumbnailUrl":"https:\/\/www.ebg.de\/wp-content\/uploads\/2021\/07\/IMG_4701-scaled.jpg","articleSection":["News - Magdeburg Schulen"],"inLanguage":"en-US"},{"@type":"WebPage","@id":"https:\/\/www.ebg.de\/tag-der-offenen-tuer-fbz-md\/","url":"https:\/\/www.ebg.de\/tag-der-offenen-tuer-fbz-md\/","name":"Tag der offenen T\u00fcr im Fach- und Berufsfachschulzentrum Magdeburg - Europ\u00e4isches Bildungswerk f\u00fcr Beruf und Gesellschaft","isPartOf":{"@id":"https:\/\/www.ebg.de\/#website"},"primaryImageOfPage":{"@id":"https:\/\/www.ebg.de\/tag-der-offenen-tuer-fbz-md\/#primaryimage"},"image":{"@id":"https:\/\/www.ebg.de\/tag-der-offenen-tuer-fbz-md\/#primaryimage"},"thumbnailUrl":"https:\/\/www.ebg.de\/wp-content\/uploads\/2021\/07\/IMG_4701-scaled.jpg","datePublished":"2021-07-05T08:47:22+00:00","dateModified":"2021-07-22T06:20:38+00:00","author":{"@id":"https:\/\/www.ebg.de\/#\/schema\/person\/af645ea1741029d9a44ae532ceb268bc"},"breadcrumb":{"@id":"https:\/\/www.ebg.de\/tag-der-offenen-tuer-fbz-md\/#breadcrumb"},"inLanguage":"en-US","potentialAction":[{"@type":"ReadAction","target":["https:\/\/www.ebg.de\/tag-der-offenen-tuer-fbz-md\/"]}]},{"@type":"ImageObject","inLanguage":"en-US","@id":"https:\/\/www.ebg.de\/tag-der-offenen-tuer-fbz-md\/#primaryimage","url":"https:\/\/www.ebg.de\/wp-content\/uploads\/2021\/07\/IMG_4701-scaled.jpg","contentUrl":"https:\/\/www.ebg.de\/wp-content\/uploads\/2021\/07\/IMG_4701-scaled.jpg","width":2560,"height":2407},{"@type":"BreadcrumbList","@id":"https:\/\/www.ebg.de\/tag-der-offenen-tuer-fbz-md\/#breadcrumb","itemListElement":[{"@type":"ListItem","position":1,"name":"Startseite","item":"https:\/\/www.ebg.de\/"},{"@type":"ListItem","position":2,"name":"Tag der offenen T\u00fcr im Fach- und Berufsfachschulzentrum Magdeburg"}]},{"@type":"WebSite","@id":"https:\/\/www.ebg.de\/#website","url":"https:\/\/www.ebg.de\/","name":"Europ\u00e4isches Bildungswerk f\u00fcr Beruf und Gesellschaft","description":"Bildung, Ausbildung und Weiterbildung","potentialAction":[{"@type":"SearchAction","target":{"@type":"EntryPoint","urlTemplate":"https:\/\/www.ebg.de\/?s={search_term_string}"},"query-input":{"@type":"PropertyValueSpecification","valueRequired":true,"valueName":"search_term_string"}}],"inLanguage":"en-US"},{"@type":"Person","@id":"https:\/\/www.ebg.de\/#\/schema\/person\/af645ea1741029d9a44ae532ceb268bc","name":"Stephan Deubner","image":{"@type":"ImageObject","inLanguage":"en-US","@id":"https:\/\/www.ebg.de\/#\/schema\/person\/image\/","url":"https:\/\/secure.gravatar.com\/avatar\/35731f6a08afa0518c45f153077f6135c0f41aa2ae0b76e850ef9508976a7bbe?s=96&d=mm&r=g","contentUrl":"https:\/\/secure.gravatar.com\/avatar\/35731f6a08afa0518c45f153077f6135c0f41aa2ae0b76e850ef9508976a7bbe?s=96&d=mm&r=g","caption":"Stephan Deubner"},"url":"https:\/\/www.ebg.de\/en\/author\/sdeubner\/"}]}},"_links":{"self":[{"href":"https:\/\/www.ebg.de\/en\/wp-json\/wp\/v2\/posts\/10903","targetHints":{"allow":["GET"]}}],"collection":[{"href":"https:\/\/www.ebg.de\/en\/wp-json\/wp\/v2\/posts"}],"about":[{"href":"https:\/\/www.ebg.de\/en\/wp-json\/wp\/v2\/types\/post"}],"author":[{"embeddable":true,"href":"https:\/\/www.ebg.de\/en\/wp-json\/wp\/v2\/users\/22"}],"replies":[{"embeddable":true,"href":"https:\/\/www.ebg.de\/en\/wp-json\/wp\/v2\/comments?post=10903"}],"version-history":[{"count":8,"href":"https:\/\/www.ebg.de\/en\/wp-json\/wp\/v2\/posts\/10903\/revisions"}],"predecessor-version":[{"id":12688,"href":"https:\/\/www.ebg.de\/en\/wp-json\/wp\/v2\/posts\/10903\/revisions\/12688"}],"wp:featuredmedia":[{"embeddable":true,"href":"https:\/\/www.ebg.de\/en\/wp-json\/wp\/v2\/media\/10905"}],"wp:attachment":[{"href":"https:\/\/www.ebg.de\/en\/wp-json\/wp\/v2\/media?parent=10903"}],"wp:term":[{"taxonomy":"category","embeddable":true,"href":"https:\/\/www.ebg.de\/en\/wp-json\/wp\/v2\/categories?post=10903"},{"taxonomy":"post_tag","embeddable":true,"href":"https:\/\/www.ebg.de\/en\/wp-json\/wp\/v2\/tags?post=10903"}],"curies":[{"name":"wp","href":"https:\/\/api.w.org\/{rel}","templated":true}]}}